{"id":19117,"date":"2022-06-20T03:32:00","date_gmt":"2022-06-20T08:32:00","guid":{"rendered":"https:\/\/www.biblia.work\/comentario\/comentario-de-isaias-428-exegesis-y-hermeneutica-de-la-biblia\/"},"modified":"2022-06-20T03:32:00","modified_gmt":"2022-06-20T08:32:00","slug":"comentario-de-isaias-428-exegesis-y-hermeneutica-de-la-biblia","status":"publish","type":"post","link":"https:\/\/www.biblia.work\/comentario\/comentario-de-isaias-428-exegesis-y-hermeneutica-de-la-biblia\/","title":{"rendered":"Comentario de Isa\u00edas 42:8 &#8211; Ex\u00e9gesis y Hermen\u00e9utica de la Biblia"},"content":{"rendered":"<h3 align='center'><b><i>Yo, Jehovah; \u00e9ste es mi nombre. No dar\u00e9 mi gloria a otros, ni mi alabanza a los \u00eddolos.<\/i><\/b><\/h3>\n<p><b><i>Yo Jehova, este es mi nombre.<\/i><\/b> <span class='bible'>\u00c9xo 3:13-15<\/span>; <span class='bible'>\u00c9xo 4:5<\/span>; <span class='bible'>Sal 83:18<\/span>; <span class='bible'>Jua 8:58<\/span>.<\/p>\n<p><b><i>y a otro no dar\u00e9 mi gloria.<\/i><\/b> <span class='bible'>Isa 48:11<\/span>; <span class='bible'>\u00c9xo 20:3-5<\/span>; <span class='bible'>\u00c9xo 34:14<\/span>; <span class='bible'>Jua 5:23<\/span>.<\/p>\n<h3 align='right'><i><b>Fuente: El Tesoro del Conocimiento B\u00edblico<\/b><\/i><\/h3>\n<p lang=\"es-ES\" style=\"text-indent:18pt;margin-left:0pt;margin-top:0pt;margin-bottom:0pt;margin-right:0pt\"><b>mi nombre:<\/b>\u00a0El que Dios revele su nombre a su pueblo es una demostraci\u00f3n de su maravillosa gracia (<\/span><span style=\"color:#008000\"><span class='bible'>\u00c9xo 3:14<\/span><\/span>,<\/span> <span style=\"color:#008000\"><span class='bible'>\u00c9xo 3:15<\/span><\/span>).<\/span><\/p>\n<p> <\/p>\n<p lang=\"es-ES\" style=\"text-indent:18pt;margin-left:0pt;margin-top:0pt;margin-bottom:0pt;margin-right:0pt\"><b>mi gloria:<\/b>\u00a0Aqu\u00ed y en<\/span> <span style=\"color:#008000\"><span class='bible'>Isa 48:11<\/span><\/span>\u00a0esta frase establece un paralelo con el nombre de Dios.<\/span><\/p>\n<p> <\/p>\n<table cellspacing=\"0\" cellpadding=\"0pt\" style=\"width:432pt;border-collapse:collapse\">\n<colgroup>\n<col width=\"288\" \/>\n<col width=\"288\" \/><\/colgroup>\n<tr align=\"left\" valign=\"top\">\n<td style=\"width:215pt;border-top: 1pt solid #000000;border-right: 1pt solid #000000;border-bottom: 1pt solid #000000;border-left: 1pt solid #000000\">\n<p lang=\"es-ES\" style=\"text-indent:0pt;margin-left:0pt;margin-top:0pt;margin-bottom:0pt;margin-right:0pt\">\u00a0<b>PERSPECTIVA<\/b><\/p>\n<p> <\/td>\n<td style=\"width:215pt;border-top: 1pt solid #000000;border-right: 1pt solid #000000;border-bottom: 1pt solid #000000;border-left: 1pt solid #000000\">\n<p lang=\"es-ES\" style=\"text-indent:0pt;margin-left:0pt;margin-top:0pt;margin-bottom:0pt;margin-right:0pt\"><b>Israel: Escogido para servir<\/b><\/p>\n<p> <\/td>\n<\/tr>\n<\/table>\n<table cellspacing=\"0\" cellpadding=\"0pt\" style=\"width:432pt;border-collapse:collapse\">\n<colgroup>\n<col width=\"576\" \/><\/colgroup>\n<tr align=\"left\" valign=\"top\">\n<td style=\"width:431pt;border-top: 1pt solid #000000;border-right: 1pt solid #000000;border-bottom: 1pt solid #000000;border-left: 1pt solid #000000\">\n<p lang=\"es-ES\" style=\"text-indent:0pt;margin-left:0pt;margin-top:0pt;margin-bottom:0pt;margin-right:0pt\">En qu\u00e9 sentido Israel era la naci\u00f3n escogida? (<\/span><span style=\"color:#008000\"><span class='bible'>Isa 44:1<\/span><\/span>,<\/span> <span style=\"color:#008000\"><span class='bible'>Isa 44:2<\/span><\/span>). Tal como lo deja en claro Isa\u00edas, Dios eligi\u00f3 a los israelitas para cumplir una misi\u00f3n. Esta elecci\u00f3n se basa en los prop\u00f3sitos y estrategias soberanas del Se\u00f1or. La tarea de Israel era doble: Servir como una familia mediante la cual se har\u00eda efectiva la promesa y la bendici\u00f3n del Mes\u00edas (comp\u00e1rense<\/span> <span style=\"color:#008000\"><span class='bible'>G\u00e9n 12:1-3<\/span><\/span>;<\/span> <span style=\"color:#008000\"><span class='bible'>G\u00e9n 15:5-7<\/span><\/span>;<\/span> <span style=\"color:#008000\"><span class='bible'>G\u00e9n 17:4-8<\/span><\/span>), y a trav\u00e9s de \u00c9l ser luz espiritual para el resto del mundo (<\/span><span style=\"color:#008000\"><span class='bible'>Isa 42:6-7<\/span><\/span>;<\/span> <span style=\"color:#008000\"><span class='bible'>Isa 44:8<\/span><\/span>;<\/span> <span style=\"color:#008000\"><span class='bible'>Isa 49:6<\/span><\/span>).<\/span><\/p>\n<p> <\/p>\n<p lang=\"es-ES\" style=\"text-indent:0pt;margin-left:0pt;margin-top:0pt;margin-bottom:0pt;margin-right:0pt\">Los hebreos, comenzando con Abraham, recibieron la misi\u00f3n de vivir en la luz de lo que Dios les hab\u00eda revelado. \u00c9l los puso en un lugar estrat\u00e9gico y los capacit\u00f3 con el fin de construir una casa de oraci\u00f3n para todas las naciones (<\/span><span style=\"color:#008000\"><span class='bible'>1Re 8:41-43<\/span><\/span>). La obediencia agradecida y la fe son la respuesta apropiada a este llamado de Dios.<\/span><\/p>\n<p> <\/td>\n<\/tr>\n<\/table>\n<p lang=\"es-ES\" style=\"text-indent:18pt;margin-left:0pt;margin-top:0pt;margin-bottom:0pt;margin-right:0pt;color:#FFFFFF;background-color:#C80000\">\n<p><\/p>\n<h3 align='right'><i><b>Fuente: Nuevo Comentario Ilustrado de la Biblia Caribe<\/b><\/i><\/h3>\n<p><span class='bible'>\u00c9xo 3:13-16<\/span>.<\/p>\n<h3 align='right'><i><b>Fuente: Traducci\u00f3n Interconfesional HispanoAmericana<\/b><\/i><\/h3>\n<p>REFERENCIAS CRUZADAS<\/p>\n<p>y 2030 Sal 83:18<\/p>\n<p>z 2031 Isa 48:11<\/p>\n<p>a 2032 \u00c9xo 15:11; Isa 12:4<\/p>\n<p>b 2033 \u00c9xo 32:8; \u00c9xo 34:14<\/p>\n<h3 align='right'><i><b>Fuente: Traducci\u00f3n del Nuevo Mundo<\/b><\/i><\/h3>\n<p><i><b>\u00eddolos&#8230;<\/b><\/i> Otra traducci\u00f3n posible: <i>imagen esculpida<\/i>.<\/span><\/p>\n<h3 align='right'><i><b>Fuente: Biblia Textual IV Edici\u00f3n<\/b><\/i><\/h3>\n<p> O, <i>\u00eddolos<\/i> <\/p>\n<h3 align='right'><i><b>Fuente: La Biblia de las Am\u00e9ricas<\/b><\/i><\/h3>\n<p><em>rtf1fbidisansiansicpg1252deff0fonttblf0fromanfprq2fcharset2 Wingdings 3;<\/em> N imagen esculpida.<\/p>\n<h3 align='right'><i><b>Fuente: La Biblia Textual III Edici\u00f3n<\/b><\/i><\/h3>\n","protected":false},"excerpt":{"rendered":"<p>Yo, Jehovah; \u00e9ste es mi nombre. No dar\u00e9 mi gloria a otros, ni mi alabanza a los \u00eddolos. Yo Jehova, este es mi nombre. \u00c9xo 3:13-15; \u00c9xo 4:5; Sal 83:18; Jua 8:58. y a otro no dar\u00e9 mi gloria. Isa 48:11; \u00c9xo 20:3-5; \u00c9xo 34:14; Jua 5:23. Fuente: El Tesoro del Conocimiento B\u00edblico mi nombre:\u00a0El &hellip; <a href=\"https:\/\/www.biblia.work\/comentario\/comentario-de-isaias-428-exegesis-y-hermeneutica-de-la-biblia\/\" class=\"more-link\">Continuar leyendo<span class=\"screen-reader-text\"> \u00abComentario de Isa\u00edas 42:8 &#8211; Ex\u00e9gesis y Hermen\u00e9utica de la Biblia\u00bb<\/span><\/a><\/p>\n","protected":false},"author":1,"featured_media":0,"comment_status":"","ping_status":"","sticky":false,"template":"","format":"standard","meta":{"footnotes":""},"categories":[1],"tags":[],"class_list":["post-19117","post","type-post","status-publish","format-standard","hentry","category-comentario"],"_links":{"self":[{"href":"https:\/\/www.biblia.work\/comentario\/wp-json\/wp\/v2\/posts\/19117","targetHints":{"allow":["GET"]}}],"collection":[{"href":"https:\/\/www.biblia.work\/comentario\/wp-json\/wp\/v2\/posts"}],"about":[{"href":"https:\/\/www.biblia.work\/comentario\/wp-json\/wp\/v2\/types\/post"}],"author":[{"embeddable":true,"href":"https:\/\/www.biblia.work\/comentario\/wp-json\/wp\/v2\/users\/1"}],"replies":[{"embeddable":true,"href":"https:\/\/www.biblia.work\/comentario\/wp-json\/wp\/v2\/comments?post=19117"}],"version-history":[{"count":0,"href":"https:\/\/www.biblia.work\/comentario\/wp-json\/wp\/v2\/posts\/19117\/revisions"}],"wp:attachment":[{"href":"https:\/\/www.biblia.work\/comentario\/wp-json\/wp\/v2\/media?parent=19117"}],"wp:term":[{"taxonomy":"category","embeddable":true,"href":"https:\/\/www.biblia.work\/comentario\/wp-json\/wp\/v2\/categories?post=19117"},{"taxonomy":"post_tag","embeddable":true,"href":"https:\/\/www.biblia.work\/comentario\/wp-json\/wp\/v2\/tags?post=19117"}],"curies":[{"name":"wp","href":"https:\/\/api.w.org\/{rel}","templated":true}]}}