{"id":2082,"date":"2022-06-19T08:53:18","date_gmt":"2022-06-19T13:53:18","guid":{"rendered":"https:\/\/www.biblia.work\/comentario\/comentario-de-genesis-485-exegesis-y-hermeneutica-de-la-biblia\/"},"modified":"2022-06-19T08:53:18","modified_gmt":"2022-06-19T13:53:18","slug":"comentario-de-genesis-485-exegesis-y-hermeneutica-de-la-biblia","status":"publish","type":"post","link":"https:\/\/www.biblia.work\/comentario\/comentario-de-genesis-485-exegesis-y-hermeneutica-de-la-biblia\/","title":{"rendered":"Comentario de G\u00e9nesis 48:5 &#8211; Ex\u00e9gesis y Hermen\u00e9utica de la Biblia"},"content":{"rendered":"<h3 align='center'><b><i>Y ahora, tus dos hijos, Efra\u00edn y Manas\u00e9s, que te nacieron en la tierra de Egipto antes de que yo viniese a ti en la tierra de Egipto, ser\u00e1n m\u00edos; como Rub\u00e9n y Sime\u00f3n ser\u00e1n m\u00edos.<\/i><\/b><\/h3>\n<p><b><i>tus dos hijos.<\/i><\/b> <span class='bible'>G\u00e9n 41:50-52<\/span>; <span class='bible'>G\u00e9n 46:20<\/span>; <span class='bible'>Jos 13:7<\/span>; <span class='bible'>Jos 14:4<\/span>; <span class='bible'>Jos 16:1-10<\/span>; <span class='bible'>Jos 17:1-18<\/span>.<\/p>\n<p>\n<b><i>m\u00edos son.<\/i><\/b> <span class='bible'>Lev 20:26<\/span>; <span class='bible'>N\u00fam 1:10<\/span>, <span class='bible'>N\u00fam 1:32-35<\/span>; <span class='bible'>N\u00fam 26:28-37<\/span>; <span class='bible'>Isa 43:1<\/span>; <span class='bible'>Eze 16:8<\/span>; <span class='bible'>Mal 3:17<\/span>; <span class='bible'>2Co 6:18<\/span>; <span class='bible'>Efe 1:5<\/span>.<\/p>\n<p><b><i>Rub\u00e9n.<\/i><\/b> <span class='bible'>1Cr 5:1<\/span>, <span class='bible'>1Cr 5:2<\/span>; <span class='bible'>Apo 7:6<\/span>, <span class='bible'>Apo 7:7<\/span>.<\/p>\n<h3 align='right'><i><b>Fuente: El Tesoro del Conocimiento B\u00edblico<\/b><\/i><\/h3>\n<p lang=\"es-ES\" style=\"text-indent:18pt;margin-left:0pt;margin-top:0pt;margin-bottom:0pt;margin-right:0pt\">Los\u00a0<b>dos hijos<\/b>\u00a0de Jos\u00e9 eran Manas\u00e9s y Efra\u00edn (<\/span><span style=\"color:#008000\"><span class='bible'>G\u00e9n 41:50-52<\/span><\/span>). Jacob se reserva el orden de sus nacimientos pero dice que los consideraba sus propios hijos, tanto como\u00a0<b>Rub\u00e9n y Sime\u00f3n<\/b>\u00a0lo eran (<\/span><span style=\"color:#008000\"><span class='bible'>G\u00e9n 29:32<\/span><\/span>,<\/span> <span style=\"color:#008000\"><span class='bible'>G\u00e9n 29:33<\/span><\/span>). Debido a sus abominables actos, Rub\u00e9n (<\/span><span style=\"color:#008000\"><span class='bible'>G\u00e9n 35:22<\/span><\/span>) y Sime\u00f3n (<\/span><span style=\"color:#008000\"><span class='bible'>G\u00e9n 34:25<\/span><\/span>) perdieron el favor de su padre. Lev\u00ed, tambi\u00e9n estuvo implicado en el horrible proceder de Sime\u00f3n (<\/span><span style=\"color:#008000\"><span class='bible'>G\u00e9n 34:25<\/span><\/span>). As\u00ed, los derechos y privilegios de primogenitura, pasaron a los otros 2 hijos menores, Jud\u00e1 (<\/span><span style=\"color:#008000\"><span class='bible'>G\u00e9n 49:8-12<\/span><\/span>) y Jos\u00e9 (<\/span><span style=\"color:#008000\"><span class='bible'>G\u00e9n 49:22-26<\/span><\/span>). Rub\u00e9n, como primog\u00e9nito deber\u00eda recibir doble porci\u00f3n de la herencia de su padre, pero Jacob comparti\u00f3 esto s\u00f3lo con Jos\u00e9 (v.<\/span> <span style=\"color:#008000\"><span class='bible'>G\u00e9n 48:22<\/span><\/span>). En consecuencia, los dos hijos de Jos\u00e9 son contados con sus t\u00edos como fundadores de las tribus de Israel.<\/span><\/p>\n<p><\/p>\n<h3 align='right'><i><b>Fuente: Nuevo Comentario Ilustrado de la Biblia Caribe<\/b><\/i><\/h3>\n<p><b>TUS DOS HIJOS MIOS SON.<\/b> Jacob consideraba a los dos hijos de Jos\u00e9 como suyos, garantiz\u00e1ndole a si a Jos\u00e9 una doble porci\u00f3n de la herencia. Por lo tanto, Efra\u00edn y Manas\u00e9s iban a tener iguales derechos y estado social que los otros hijos de Jacob, como Rub\u00e9n y Sime\u00f3n. Los descendientes de Efra\u00edn y Manas\u00e9s llegaron a formar dos tribus.<\/span><\/p>\n<h3 align='right'><i><b>Fuente: Biblia de Estudio Vida Plena<\/b><\/i><\/h3>\n<p><i><b>\u2014 Rub\u00e9n y Sime\u00f3n:<\/b><\/i> Jacob adopta a los hijos de Jos\u00e9 como si fueran suyos. De esta manera, Efra\u00edn y Manas\u00e9s adquieren la misma categor\u00eda que Rub\u00e9n y Sime\u00f3n, es decir, pasan a ser los antepasados de dos tribus distintas.<\/p>\n<h3 align='right'><i><b>Fuente: Traducci\u00f3n Interconfesional HispanoAmericana<\/b><\/i><\/h3>\n<p>Adoptar nietos, coloc\u00e1ndolos as\u00ed a la par con hijos, se conoce en otros lugares en el antiguo Cercano Oriente. 8 La pregunta de Jacob: \u00bfQui\u00e9nes son \u00e9stos? puede explicarse por su ce guera, o puede ser una exigencia legal en el ritual de adopci\u00f3n. 11 La oraci\u00f3n muy sentida de Jacob (43:14) hab\u00eda sido contestada m\u00e1s all\u00e1 de todo lo que \u00e9l esperaba (cf. Ef. 3:20). 13-20 El lugar a la mano derecha era el de honor y bendici\u00f3n en tiempos b\u00edblicos (cf. Deut. 11:29; Mat. 25:33). Jacob deliberadamente ubic\u00f3 a Efra\u00edn, el menor, por encima de Manas\u00e9s, el primog\u00e9nito, una pr\u00e1ctica frecuente en G\u00e9n. (cf. 4:1-8; 38:27-40; cap. 27). 22 Esto parece ser una referencia a la conquista de la ciudad de Siquem por los hijos de Jacob (34:25-29). Jacob hab\u00eda comprado la tierra cercana (33:18, 19), y luego Jos\u00e9 fue sepultado en esta \u00e1rea (Jos. 24:32).<\/p>\n<h3 align='right'><i><b>Fuente: Nuevo Comentario B\u00edblico Siglo Veintiuno<\/b><\/i><\/h3>\n<p>REFERENCIAS CRUZADAS<\/p>\n<p>g 2212 Jos 14:4; 1Cr 5:1<\/p>\n<p>h 2213 G\u00e9n 35:23<\/p>\n<h3 align='right'><i><b>Fuente: Traducci\u00f3n del Nuevo Mundo<\/b><\/i><\/h3>\n<p><p> tus dos hijos&#8230;m\u00edos son.  Aparentemente Jacob adopt\u00f3 formalmente a Efra\u00edn y Manas\u00e9s, hijos de Jos\u00e9, que as\u00ed llegan a ser dos de los doce progenitores de las tribus de Israel. Otros hijos de Jos\u00e9 nacidos despu\u00e9s ser\u00edan sus herederos en lugar de Efra\u00edn y Manas\u00e9s (vers. 6).<\/p>\n<p><h3 align='right'><i><b>Fuente: La Biblia de las Am\u00e9ricas<\/b><\/i><\/h3>\n<p>La adopci\u00f3n por Jacob de los dos hijos de Jos\u00e9, <b><i>Efra\u00edn y Manas\u00e9s<\/i><\/b>, como si fuesen sus propios hijos (<b><i>m\u00edos son<\/i><\/b>) elevaba a estos a la misma posici\u00f3n de los otros hijos y aseguraba que la descendencia de Jos\u00e9 recibir\u00eda una doble herencia. Al parecer, en aquella oportunidad Jacob transfiri\u00f3 los derechos de primogenitura de Rub\u00e9n a Jos\u00e9, el primog\u00e9nito de su muy amada Raquel (cp. vv. <span class='bible'>G\u00e9n 48:15-16<\/span>; <span class='bible'>1Cr 5:1<\/span>).<\/p>\n<h3 align='right'><i><b>Fuente: Biblia de Estudio Anotada por Ryrie<\/b><\/i><\/h3>\n","protected":false},"excerpt":{"rendered":"<p>Y ahora, tus dos hijos, Efra\u00edn y Manas\u00e9s, que te nacieron en la tierra de Egipto antes de que yo viniese a ti en la tierra de Egipto, ser\u00e1n m\u00edos; como Rub\u00e9n y Sime\u00f3n ser\u00e1n m\u00edos. tus dos hijos. G\u00e9n 41:50-52; G\u00e9n 46:20; Jos 13:7; Jos 14:4; Jos 16:1-10; Jos 17:1-18. m\u00edos son. Lev 20:26; &hellip; <a href=\"https:\/\/www.biblia.work\/comentario\/comentario-de-genesis-485-exegesis-y-hermeneutica-de-la-biblia\/\" class=\"more-link\">Continuar leyendo<span class=\"screen-reader-text\"> \u00abComentario de G\u00e9nesis 48:5 &#8211; Ex\u00e9gesis y Hermen\u00e9utica de la Biblia\u00bb<\/span><\/a><\/p>\n","protected":false},"author":1,"featured_media":0,"comment_status":"","ping_status":"","sticky":false,"template":"","format":"standard","meta":{"footnotes":""},"categories":[1],"tags":[],"class_list":["post-2082","post","type-post","status-publish","format-standard","hentry","category-comentario"],"_links":{"self":[{"href":"https:\/\/www.biblia.work\/comentario\/wp-json\/wp\/v2\/posts\/2082","targetHints":{"allow":["GET"]}}],"collection":[{"href":"https:\/\/www.biblia.work\/comentario\/wp-json\/wp\/v2\/posts"}],"about":[{"href":"https:\/\/www.biblia.work\/comentario\/wp-json\/wp\/v2\/types\/post"}],"author":[{"embeddable":true,"href":"https:\/\/www.biblia.work\/comentario\/wp-json\/wp\/v2\/users\/1"}],"replies":[{"embeddable":true,"href":"https:\/\/www.biblia.work\/comentario\/wp-json\/wp\/v2\/comments?post=2082"}],"version-history":[{"count":0,"href":"https:\/\/www.biblia.work\/comentario\/wp-json\/wp\/v2\/posts\/2082\/revisions"}],"wp:attachment":[{"href":"https:\/\/www.biblia.work\/comentario\/wp-json\/wp\/v2\/media?parent=2082"}],"wp:term":[{"taxonomy":"category","embeddable":true,"href":"https:\/\/www.biblia.work\/comentario\/wp-json\/wp\/v2\/categories?post=2082"},{"taxonomy":"post_tag","embeddable":true,"href":"https:\/\/www.biblia.work\/comentario\/wp-json\/wp\/v2\/tags?post=2082"}],"curies":[{"name":"wp","href":"https:\/\/api.w.org\/{rel}","templated":true}]}}