{"id":2400,"date":"2022-06-19T09:03:26","date_gmt":"2022-06-19T14:03:26","guid":{"rendered":"https:\/\/www.biblia.work\/comentario\/comentario-de-exodo-932-exegesis-y-hermeneutica-de-la-biblia\/"},"modified":"2022-06-19T09:03:26","modified_gmt":"2022-06-19T14:03:26","slug":"comentario-de-exodo-932-exegesis-y-hermeneutica-de-la-biblia","status":"publish","type":"post","link":"https:\/\/www.biblia.work\/comentario\/comentario-de-exodo-932-exegesis-y-hermeneutica-de-la-biblia\/","title":{"rendered":"Comentario de \u00c9xodo 9:32 &#8211; Ex\u00e9gesis y Hermen\u00e9utica de la Biblia"},"content":{"rendered":"<h3 align='center'><b><i>Pero el trigo y el centeno no fueron destruidos, pues eran tard\u00edos.<\/i><\/b><\/h3>\n<p><b><i>porque eran tard\u00edos.<\/i><\/b> <span class='bible'>\u00c9xo 10:22<\/span>.<\/p>\n<h3 align='right'><i><b>Fuente: El Tesoro del Conocimiento B\u00edblico<\/b><\/i><\/h3>\n<p>NOTAS<\/p>\n<p>(1) Una clase inferior de trigo cultivada en el Egipto antiguo.<\/p>\n<p>REFERENCIAS CRUZADAS<\/p>\n<p>l 393 Isa 28:25; Eze 4:9<\/p>\n<h3 align='right'><i><b>Fuente: Traducci\u00f3n del Nuevo Mundo<\/b><\/i><\/h3>\n<p>El <b><i>trigo<\/i><\/b> y el <b><i>centeno<\/i><\/b> (trigo de inferior calidad) no fueron da\u00f1ados entonces porque maduran aproximadamente un mes despu\u00e9s (pero cp. <span class='bible'>\u00c9xo 10:5<\/span>).<\/p>\n<h3 align='right'><i><b>Fuente: Biblia de Estudio Anotada por Ryrie<\/b><\/i><\/h3>\n<p> Lit., <i>heridos<\/i> <\/p>\n<h3 align='right'><i><b>Fuente: La Biblia de las Am\u00e9ricas<\/b><\/i><\/h3>\n","protected":false},"excerpt":{"rendered":"<p>Pero el trigo y el centeno no fueron destruidos, pues eran tard\u00edos. porque eran tard\u00edos. \u00c9xo 10:22. Fuente: El Tesoro del Conocimiento B\u00edblico NOTAS (1) Una clase inferior de trigo cultivada en el Egipto antiguo. REFERENCIAS CRUZADAS l 393 Isa 28:25; Eze 4:9 Fuente: Traducci\u00f3n del Nuevo Mundo El trigo y el centeno (trigo de &hellip; <a href=\"https:\/\/www.biblia.work\/comentario\/comentario-de-exodo-932-exegesis-y-hermeneutica-de-la-biblia\/\" class=\"more-link\">Continuar leyendo<span class=\"screen-reader-text\"> \u00abComentario de \u00c9xodo 9:32 &#8211; Ex\u00e9gesis y Hermen\u00e9utica de la Biblia\u00bb<\/span><\/a><\/p>\n","protected":false},"author":1,"featured_media":0,"comment_status":"","ping_status":"","sticky":false,"template":"","format":"standard","meta":{"footnotes":""},"categories":[1],"tags":[],"class_list":["post-2400","post","type-post","status-publish","format-standard","hentry","category-comentario"],"_links":{"self":[{"href":"https:\/\/www.biblia.work\/comentario\/wp-json\/wp\/v2\/posts\/2400","targetHints":{"allow":["GET"]}}],"collection":[{"href":"https:\/\/www.biblia.work\/comentario\/wp-json\/wp\/v2\/posts"}],"about":[{"href":"https:\/\/www.biblia.work\/comentario\/wp-json\/wp\/v2\/types\/post"}],"author":[{"embeddable":true,"href":"https:\/\/www.biblia.work\/comentario\/wp-json\/wp\/v2\/users\/1"}],"replies":[{"embeddable":true,"href":"https:\/\/www.biblia.work\/comentario\/wp-json\/wp\/v2\/comments?post=2400"}],"version-history":[{"count":0,"href":"https:\/\/www.biblia.work\/comentario\/wp-json\/wp\/v2\/posts\/2400\/revisions"}],"wp:attachment":[{"href":"https:\/\/www.biblia.work\/comentario\/wp-json\/wp\/v2\/media?parent=2400"}],"wp:term":[{"taxonomy":"category","embeddable":true,"href":"https:\/\/www.biblia.work\/comentario\/wp-json\/wp\/v2\/categories?post=2400"},{"taxonomy":"post_tag","embeddable":true,"href":"https:\/\/www.biblia.work\/comentario\/wp-json\/wp\/v2\/tags?post=2400"}],"curies":[{"name":"wp","href":"https:\/\/api.w.org\/{rel}","templated":true}]}}