{"id":33602,"date":"2022-07-16T04:28:18","date_gmt":"2022-07-16T09:28:18","guid":{"rendered":"https:\/\/www.biblia.work\/comentario\/estudio-biblico-de-2-reyes-213-14-comentario-ilustrado-de-la-biblia\/"},"modified":"2022-07-16T04:28:18","modified_gmt":"2022-07-16T09:28:18","slug":"estudio-biblico-de-2-reyes-213-14-comentario-ilustrado-de-la-biblia","status":"publish","type":"post","link":"https:\/\/www.biblia.work\/comentario\/estudio-biblico-de-2-reyes-213-14-comentario-ilustrado-de-la-biblia\/","title":{"rendered":"Estudio B\u00edblico de 2 Reyes 2:13-14 | Comentario Ilustrado de la Biblia"},"content":{"rendered":"<p><span class='bible'>2Re 2:13-14<\/span><\/p>\n<p> <em>Tom\u00f3 tambi\u00e9n el manto de El\u00edas que se le hab\u00eda ca\u00eddo.<\/em><\/p>\n<\/p>\n<p><strong>El manto de El\u00edas<\/strong><\/p>\n<p>cuando El\u00edas se apart\u00f3 del costado de Eliseo en su carro de fuego, custodiado por jinetes angelicales, Eliseo se sinti\u00f3 abrumado por un momento. Antes de que pasara mucho tiempo, sus ojos se posaron en el manto de El\u00edas. Eso era todo lo que le quedaba f\u00edsicamente tangible, pero significaba mucho. Mientras sus ojos lo miraban, su coraz\u00f3n se volvi\u00f3 tierno y suave a medida que la memoria lo retrotra\u00eda a esa ma\u00f1ana en la granja de su padre, a\u00f1os atr\u00e1s, cuando ese manto se ech\u00f3 sobre sus propios hombros y lo reconoci\u00f3 como el llamado de Dios al servicio prof\u00e9tico. Durante todos los a\u00f1os transcurridos desde entonces ese manto hab\u00eda estado constantemente bajo sus ojos. Hab\u00eda sido la indicaci\u00f3n, la se\u00f1al, de la presencia de Dios con El\u00edas. Pero fue solo una muestra; el poder estaba en el Dios que llam\u00f3 a El\u00edas y lo fortaleci\u00f3 para su obra. As\u00ed que podemos imaginarnos qu\u00e9 patetismo profundo, qu\u00e9 emoci\u00f3n tierna y adorable hab\u00eda en el coraz\u00f3n y la voz de Eliseo cuando con oraci\u00f3n sincera clam\u00f3: \u00ab\u00bfD\u00f3nde est\u00e1 el Se\u00f1or Dios de El\u00edas?\u00bb Al decir estas palabras, golpe\u00f3 las aguas con el manto, y Dios respondi\u00f3 a su clamor, y las aguas se detuvieron ante el golpe, y \u00e9l cruz\u00f3 en seco. Hay aqu\u00ed:<\/p>\n<p><strong>1. <\/strong>Un mensaje para los cristianos de todas las \u00e9pocas que anhelan tener en las emergencias presentes el poder espiritual conocido en el pasado. Nuestra lecci\u00f3n est\u00e1 en esto, que no podemos hacer que las condiciones de una vida cambiante se ajusten a las viejas condiciones; pero la actitud hacia Dios, la relaci\u00f3n con Dios que hizo de los hombres y mujeres los canales de la influencia y bendici\u00f3n divinas en cualquier \u00e9poca del mundo, son posibles para nosotros. Eliseo era un hombre muy diferente de El\u00edas. Si hubiera tratado de comportarse como El\u00edas en todo tipo de costumbres y h\u00e1bitos de naturaleza menor, se habr\u00eda convertido en el hazmerre\u00edr de su tiempo. Pero vemos que desde el principio Eliseo capt\u00f3 el meollo del asunto. No fueron los modales de El\u00edas, ni los m\u00e9todos peculiares de El\u00edas, sino la fe de El\u00edas en Dios lo que le dio su poder. Y entonces su clamor es: \u00ab\u00bfD\u00f3nde est\u00e1 el Se\u00f1or Dios de El\u00edas?\u00bb Joseph Parker dice que con estas palabras Eliseo demuestra que no est\u00e1 llamado a un puesto meramente oficial, sino que es elegido para representar a la Divina Majestad sobre la tierra. Si Eliseo hubiera actuado de una manera que sugiriera autosuficiencia, su oficio prof\u00e9tico habr\u00eda sido destruido mucho antes de que fuera creado. Es<strong> <\/strong>cuando retrocedemos en humildad, y desde lo m\u00e1s profundo de nuestras almas clamamos a Dios desde nuestra desolaci\u00f3n: \u00ab\u00bfD\u00f3nde est\u00e1 el Se\u00f1or, el Dios de El\u00edas?\u00bb que comencemos nuestro trabajo con el esp\u00edritu correcto, y s\u00f3lo entonces. A veces escuchamos a hombres y mujeres hablar ahora de los d\u00edas de Wesley, y de Whitefield, y de los primeros padres del gran reavivamiento y reforma wesleyana, como si pensaran en alg\u00fan cambio de ropa o cambio de vida f\u00edsica externa, el poder de esos d\u00edas. podr\u00eda volver Pero eso no puede ser cierto. Aquello que estaba en el coraz\u00f3n y fue el centro motor del gran avivamiento wesleyano fue el mismo poder que hizo a El\u00edas lo que era y que le dio a Eliseo la fuerza para continuar su obra. Era una fe permanente en Dios. Lo que los cristianos necesitan hoy, y lo que debemos tener si queremos conocer el poder que ha hecho poderosos a los santos de Dios en cada \u00e9poca de triunfo de la iglesia, es el mismo esp\u00edritu y la misma fe que tuvo Eliseo cuando estaba con el manto de El\u00edas golpe\u00f3 las aguas del Jord\u00e1n y clam\u00f3 desde lo m\u00e1s profundo de su alma: \u201c\u00bfD\u00f3nde est\u00e1 el Se\u00f1or Dios de El\u00edas?\u201d<\/p>\n<p><strong>2. <\/strong>Dios nunca deja de responder cuando sus hijos lo invocan con fe. Inmediatamente respondi\u00f3 a la fe de Eliseo. \u00c9l ser\u00e1 fiel a nosotros.<\/p>\n<p><strong>3. <\/strong>Cuando con corazones sinceros servimos a Dios y nos entregamos completamente para hacer Su voluntad, Dios hace que otros vean. Los j\u00f3venes de la escuela prof\u00e9tica en Jeric\u00f3 fueron muy r\u00e1pidos en discernir que la bendici\u00f3n de Dios descansaba sobre Eliseo. Inmediatamente reconocieron que el esp\u00edritu de El\u00edas hab\u00eda ca\u00eddo sobre \u00e9l. (<em>LA Banks,<\/em> <em>DD<\/em>)<\/p>\n<\/p>\n<p><strong>El manto del profeta<\/strong><\/p>\n<p>El acto solemne y silencioso de El\u00edas fue suficientemente claro y elocuente para Eliseo. Cuando muere un gran maestro, dice Sir John Malcolm en su <em>Historia<\/em> <em>de Persia,<\/em> lega su manto remendado al disc\u00edpulo que m\u00e1s estima. Y en el momento en que el disc\u00edpulo elegido se pone el manto sagrado, se le confiere todo el poder y la santidad de su predecesor. Los mantos que usaban los ascetas y los santos siempre han sido objeto de veneraci\u00f3n en las religiones de Oriente. El poder del hombre santo se basa en su car\u00e1cter sagrado, y eso se basa en su pobreza y desprecio de los bienes mundanos. Su manto es su todo, y su transferencia marca a su heredero. (<em>Alex. Whyte,<\/em> <em>DD<\/em>)<\/p>\n","protected":false},"excerpt":{"rendered":"<p>2Re 2:13-14 Tom\u00f3 tambi\u00e9n el manto de El\u00edas que se le hab\u00eda ca\u00eddo. El manto de El\u00edas cuando El\u00edas se apart\u00f3 del costado de Eliseo en su carro de fuego, custodiado por jinetes angelicales, Eliseo se sinti\u00f3 abrumado por un momento. Antes de que pasara mucho tiempo, sus ojos se posaron en el manto de &hellip; <a href=\"https:\/\/www.biblia.work\/comentario\/estudio-biblico-de-2-reyes-213-14-comentario-ilustrado-de-la-biblia\/\" class=\"more-link\">Continuar leyendo<span class=\"screen-reader-text\"> \u00abEstudio B\u00edblico de 2 Reyes 2:13-14 | Comentario Ilustrado de la Biblia\u00bb<\/span><\/a><\/p>\n","protected":false},"author":1,"featured_media":0,"comment_status":"","ping_status":"","sticky":false,"template":"","format":"standard","meta":{"footnotes":""},"categories":[1],"tags":[],"class_list":["post-33602","post","type-post","status-publish","format-standard","hentry","category-comentario"],"_links":{"self":[{"href":"https:\/\/www.biblia.work\/comentario\/wp-json\/wp\/v2\/posts\/33602","targetHints":{"allow":["GET"]}}],"collection":[{"href":"https:\/\/www.biblia.work\/comentario\/wp-json\/wp\/v2\/posts"}],"about":[{"href":"https:\/\/www.biblia.work\/comentario\/wp-json\/wp\/v2\/types\/post"}],"author":[{"embeddable":true,"href":"https:\/\/www.biblia.work\/comentario\/wp-json\/wp\/v2\/users\/1"}],"replies":[{"embeddable":true,"href":"https:\/\/www.biblia.work\/comentario\/wp-json\/wp\/v2\/comments?post=33602"}],"version-history":[{"count":0,"href":"https:\/\/www.biblia.work\/comentario\/wp-json\/wp\/v2\/posts\/33602\/revisions"}],"wp:attachment":[{"href":"https:\/\/www.biblia.work\/comentario\/wp-json\/wp\/v2\/media?parent=33602"}],"wp:term":[{"taxonomy":"category","embeddable":true,"href":"https:\/\/www.biblia.work\/comentario\/wp-json\/wp\/v2\/categories?post=33602"},{"taxonomy":"post_tag","embeddable":true,"href":"https:\/\/www.biblia.work\/comentario\/wp-json\/wp\/v2\/tags?post=33602"}],"curies":[{"name":"wp","href":"https:\/\/api.w.org\/{rel}","templated":true}]}}