{"id":33786,"date":"2022-07-16T04:36:16","date_gmt":"2022-07-16T09:36:16","guid":{"rendered":"https:\/\/www.biblia.work\/comentario\/estudio-biblico-de-1-cronicas-164-7-comentario-ilustrado-de-la-biblia\/"},"modified":"2022-07-16T04:36:16","modified_gmt":"2022-07-16T09:36:16","slug":"estudio-biblico-de-1-cronicas-164-7-comentario-ilustrado-de-la-biblia","status":"publish","type":"post","link":"https:\/\/www.biblia.work\/comentario\/estudio-biblico-de-1-cronicas-164-7-comentario-ilustrado-de-la-biblia\/","title":{"rendered":"Estudio B\u00edblico de 1 Cr\u00f3nicas 16:4-7 | Comentario Ilustrado de la Biblia"},"content":{"rendered":"<p><span class='bible'>1Cr 16:4-7<\/span><\/p>\n<p> <em>Y para anotar.<\/em><\/p>\n<\/p>\n<p><strong>Las flautas<\/strong><\/p>\n<p>Estas flautas eran para tomar notas<strong> <\/strong>de lo que Dios hab\u00eda hecho; iban a ser los cronistas de la naci\u00f3n, ya partir de sus cr\u00f3nicas iban a componer los salmos y los c\u00e1nticos. El original de la palabra \u00abregistrar\u00bb tiene otro significado: \u00abtraer a la memoria\u00bb. Nos reunimos&#8211;<\/p>\n<p><strong><br \/>I. <\/strong>Que si fueron nombrados cronistas, alguna falta hay en nuestra memoria para con el Se\u00f1or.<\/p>\n<p><strong>1. <\/strong>La memoria ha sido perjudicada por la ca\u00edda.<\/p>\n<p><strong>2. <\/strong>La memoria hacia la misericordia de Dios se ha visto muy deteriorada por el descuido.<\/p>\n<p><strong>3. <\/strong>La memoria que toca la misericordia de Dios a menudo est\u00e1 sobrecargada con otras cosas. Creo que Arist\u00f3teles sol\u00eda llamar a la memoria el est\u00f3mago del alma, en el que retiene y digiere lo que recoge; pero los hombres la atiborran de todo lo que no quiere, de lo que el alma no puede alimentarse, y as\u00ed la arruinan por recordar las mejores cosas.<\/p>\n<p><strong>4. <\/strong>La memoria tambi\u00e9n ha sufrido por su conexi\u00f3n con las otras facultades.<\/p>\n<p><strong>(1)<\/strong> Comprensiones oscurecidas.<\/p>\n<p><strong>(2)<\/strong>Afectos pervertidos.<\/p>\n<p><strong>5. <\/strong>Nuestro recuerdo de la bondad de Dios a menudo es aplastado por una sensaci\u00f3n de dolor presente.<\/p>\n<p><strong><br \/>II. <\/strong>Que debemos hacer todo lo posible para ayudar a nuestra memoria hacia Dios.<\/p>\n<p><strong>1. <\/strong>Es bueno hacer un registro real de la misericordia de Dios.<\/p>\n<p><strong>2. <\/strong>Aseg\u00farese de alabar a Dios a fondo en el momento en que reciba Su bondad.<\/p>\n<p><strong>3. <\/strong>Separa un poco de tiempo para la meditaci\u00f3n.<\/p>\n<p><strong>4. <\/strong>A menudo ensaya Su misericordia en los o\u00eddos de los dem\u00e1s.<\/p>\n<p><strong>5. <\/strong>Utiliza todo sobre ti como un recuerdo.<\/p>\n<p><strong><br \/>III. <\/strong>Todos hemos tenido misericordias para recordar.<\/p>\n<p><strong>1. <\/strong>Misericordias comunes.<\/p>\n<p><strong>2. <\/strong>Providencia especial.<\/p>\n<p><strong>3. <\/strong>La longanimidad de Dios.<\/p>\n<p><strong><br \/>IV. <\/strong>Que todos nuestros recuerdos tiendan a hacernos alabar y bendecir a Dios. Rowland Hill sol\u00eda decir que los mundanos eran como los cerdos debajo del roble, que comen las bellotas, pero nunca piensan en el roble del que caen, ni levantan la cabeza para gru\u00f1ir acci\u00f3n de gracias. (<em>CH Spurgeon.<\/em>)<\/p>\n<\/p>\n<p><strong>Y Jeiel con salterios y arpas<\/strong><strong><em>.<\/em><\/strong><strong>&#8212;<\/strong><\/p>\n<p><strong>El significado de la canci\u00f3n<\/strong><\/p>\n<p>El significado de la canci\u00f3n es profundo. \u00bfQui\u00e9n hay que en palabras l\u00f3gicas pueda expresar el efecto que la m\u00fasica tiene sobre nosotros? Una especie de discurso inarticulado, insondable, que nos lleva al borde del infinito, y nos deja por momentos contemplarlo. (<em>T. Carlyle.<\/em>)<\/p>\n<\/p>\n<p><strong>Talento musical dedicado a Dios<\/strong><\/p>\n<p>Jenny Lind cre\u00eda que su arte era don de Dios, y estar dedicada a su servicio. \u201cSiempre lo he puesto a \u00c9l primero\u201d, dijo ella, en su \u00faltima enfermedad. (<em>Iglesia<\/em> <em>Trabajador.<\/em>)<\/p>\n","protected":false},"excerpt":{"rendered":"<p>1Cr 16:4-7 Y para anotar. Las flautas Estas flautas eran para tomar notas de lo que Dios hab\u00eda hecho; iban a ser los cronistas de la naci\u00f3n, ya partir de sus cr\u00f3nicas iban a componer los salmos y los c\u00e1nticos. El original de la palabra \u00abregistrar\u00bb tiene otro significado: \u00abtraer a la memoria\u00bb. Nos reunimos&#8211; &hellip; <a href=\"https:\/\/www.biblia.work\/comentario\/estudio-biblico-de-1-cronicas-164-7-comentario-ilustrado-de-la-biblia\/\" class=\"more-link\">Continuar leyendo<span class=\"screen-reader-text\"> \u00abEstudio B\u00edblico de 1 Cr\u00f3nicas 16:4-7 | Comentario Ilustrado de la Biblia\u00bb<\/span><\/a><\/p>\n","protected":false},"author":1,"featured_media":0,"comment_status":"","ping_status":"","sticky":false,"template":"","format":"standard","meta":{"footnotes":""},"categories":[1],"tags":[],"class_list":["post-33786","post","type-post","status-publish","format-standard","hentry","category-comentario"],"_links":{"self":[{"href":"https:\/\/www.biblia.work\/comentario\/wp-json\/wp\/v2\/posts\/33786","targetHints":{"allow":["GET"]}}],"collection":[{"href":"https:\/\/www.biblia.work\/comentario\/wp-json\/wp\/v2\/posts"}],"about":[{"href":"https:\/\/www.biblia.work\/comentario\/wp-json\/wp\/v2\/types\/post"}],"author":[{"embeddable":true,"href":"https:\/\/www.biblia.work\/comentario\/wp-json\/wp\/v2\/users\/1"}],"replies":[{"embeddable":true,"href":"https:\/\/www.biblia.work\/comentario\/wp-json\/wp\/v2\/comments?post=33786"}],"version-history":[{"count":0,"href":"https:\/\/www.biblia.work\/comentario\/wp-json\/wp\/v2\/posts\/33786\/revisions"}],"wp:attachment":[{"href":"https:\/\/www.biblia.work\/comentario\/wp-json\/wp\/v2\/media?parent=33786"}],"wp:term":[{"taxonomy":"category","embeddable":true,"href":"https:\/\/www.biblia.work\/comentario\/wp-json\/wp\/v2\/categories?post=33786"},{"taxonomy":"post_tag","embeddable":true,"href":"https:\/\/www.biblia.work\/comentario\/wp-json\/wp\/v2\/tags?post=33786"}],"curies":[{"name":"wp","href":"https:\/\/api.w.org\/{rel}","templated":true}]}}