{"id":719,"date":"2022-06-19T08:03:28","date_gmt":"2022-06-19T13:03:28","guid":{"rendered":"https:\/\/www.biblia.work\/comentario\/comentario-de-genesis-202-exegesis-y-hermeneutica-de-la-biblia\/"},"modified":"2022-06-19T08:03:28","modified_gmt":"2022-06-19T13:03:28","slug":"comentario-de-genesis-202-exegesis-y-hermeneutica-de-la-biblia","status":"publish","type":"post","link":"https:\/\/www.biblia.work\/comentario\/comentario-de-genesis-202-exegesis-y-hermeneutica-de-la-biblia\/","title":{"rendered":"Comentario de G\u00e9nesis 20:2 &#8211; Ex\u00e9gesis y Hermen\u00e9utica de la Biblia"},"content":{"rendered":"<h3 align='center'><b><i>Abraham dijo de Sara su mujer: \u201cElla es mi hermana.\u201d Y Abimelec, rey de Gerar, mand\u00f3 y tom\u00f3 a Sara.<\/i><\/b><\/h3>\n<p><b><i>y dijo Abraham.<\/i><\/b> <span class='bible'>G\u00e9n 12:11-13<\/span>; <span class='bible'>G\u00e9n 26:7<\/span>; <span class='bible'>2Cr 19:2<\/span>; <span class='bible'>2Cr 20:37<\/span>; <span class='bible'>2Cr 32:31<\/span>; <span class='bible'>Pro 24:16<\/span>; <span class='bible'>Ecl 7:20<\/span>; <span class='bible'>G\u00e1l 2:11<\/span>, <span class='bible'>G\u00e1l 2:12<\/span>; <span class='bible'>Efe 4:25<\/span>; <span class='bible'>Col 3:9<\/span>.<\/p>\n<p><b><i>Abimelec, rey de Gerar.<\/i><\/b> <span class='bible'>G\u00e9n 12:15<\/span>; <span class='bible'>G\u00e9n 26:1<\/span>, <span class='bible'>G\u00e9n 26:16<\/span>.<\/p>\n<h3 align='right'><i><b>Fuente: El Tesoro del Conocimiento B\u00edblico<\/b><\/i><\/h3>\n<p lang=\"es-ES\" style=\"text-indent:18pt;margin-left:0pt;margin-top:0pt;margin-bottom:0pt;margin-right:0pt\">Sara era la media\u00a0<b>hermana<\/b>\u00a0de Abraham (v.<\/span> <span style=\"color:#008000\"><span class='bible'>G\u00e9n 20:12<\/span><\/span>).<\/span><\/p>\n<p> <\/p>\n<p lang=\"es-ES\" style=\"text-indent:18pt;margin-left:0pt;margin-top:0pt;margin-bottom:0pt;margin-right:0pt\"><b>Abimelec \u2026 tom\u00f3 a Sara:<\/b>\u00a0Esta acci\u00f3n pone a Sara en el harem del rey, pero no la pone en su cama. Debido a su avanzada edad, es posible que Abimelec se interesara m\u00e1s por su riqueza que por su aspecto f\u00edsico.<\/p>\n<p><\/p>\n<h3 align='right'><i><b>Fuente: Nuevo Comentario Ilustrado de la Biblia Caribe<\/b><\/i><\/h3>\n<p><b>ES MI HERMANA.<\/b> Una vez m\u00e1s mengu\u00f3 la fe de Abraham y \u00e9l puso en peligro el plan de Dios para Sara. Dios intervino a fin de preservar la participaci\u00f3n de Sara en la historia de la redenci\u00f3n como la madre del pueblo del pacto (vv. <span class=\"bible\">G\u00e9n 20:3-7<\/span>). A veces en Su gracia, Dios librar\u00e1 a sus hijos que son por lo regular f\u00edeles de situaciones que son el resultado del fracaso de ellos en fe y obediencia.<\/p>\n<h3 align='right'><i><b>Fuente: Biblia de Estudio Vida Plena<\/b><\/i><\/h3>\n<p>NOTAS<\/p>\n<p>(1) Probablemente un t\u00edtulo oficial.<\/p>\n<p>REFERENCIAS CRUZADAS<\/p>\n<p>e 783 G\u00e9n 12:13; G\u00e9n 20:12<\/p>\n<p>f 784 G\u00e9n 12:15<\/p>\n<h3 align='right'><i><b>Fuente: Traducci\u00f3n del Nuevo Mundo<\/b><\/i><\/h3>\n<p><p> Es mi hermana.  Si este incidente est\u00e1 en orden cronol\u00f3gico, Sara tendr\u00eda 90 a\u00f1os. Quiz\u00e1s Abimelec se interesara en ella por las riquezas de Abraham y Sara (v. coment. en 12:13). <\/p>\n<p><p> Abimelec.  Parece que era un t\u00edtulo din\u00e1stico (heb., \u00ab mi padre es rey\u00bb ) en vez de un nombre personal. El  Abimelec  del cap. 26 es otra persona.<\/p>\n<p><h3 align='right'><i><b>Fuente: La Biblia de las Am\u00e9ricas<\/b><\/i><\/h3>\n<p>Abraham hab\u00eda cometido el mismo enga\u00f1o anteriormente (<span class='bible'>G\u00e9n 12:13<\/span>). Igual que Fara\u00f3n, <b><i>Abimelec<\/i><\/b> tom\u00f3 un gran n\u00famero de mujeres solteras para su har\u00e9n. Sara ten\u00eda entonces 90 a\u00f1os.<\/p>\n<h3 align='right'><i><b>Fuente: Biblia de Estudio Anotada por Ryrie<\/b><\/i><\/h3>\n<p><i><b>es mi hermana&#8230;<\/b><\/i> \u2192 <span class=\"bible\">G\u00e9n 12:13<\/span>; <span class=\"bible\">G\u00e9n 26:7<\/span>.<\/span><\/p>\n<h3 align='right'><i><b>Fuente: Biblia Textual IV Edici\u00f3n<\/b><\/i><\/h3>\n<p> g G\u00e9n_12:13; G\u00e9n_26:7<\/p>\n<h3 align='right'><i><b>Fuente: La Biblia Textual III Edici\u00f3n<\/b><\/i><\/h3>\n<p>[=] *Gn 12:13    *Gn 26:1    *Sal 105:11<\/p>\n<h3 align='right'><i><b>Fuente: Notas de la Biblia Latinoamericana<\/b><\/i><\/h3>\n","protected":false},"excerpt":{"rendered":"<p>Abraham dijo de Sara su mujer: \u201cElla es mi hermana.\u201d Y Abimelec, rey de Gerar, mand\u00f3 y tom\u00f3 a Sara. y dijo Abraham. G\u00e9n 12:11-13; G\u00e9n 26:7; 2Cr 19:2; 2Cr 20:37; 2Cr 32:31; Pro 24:16; Ecl 7:20; G\u00e1l 2:11, G\u00e1l 2:12; Efe 4:25; Col 3:9. Abimelec, rey de Gerar. G\u00e9n 12:15; G\u00e9n 26:1, G\u00e9n 26:16. &hellip; <a href=\"https:\/\/www.biblia.work\/comentario\/comentario-de-genesis-202-exegesis-y-hermeneutica-de-la-biblia\/\" class=\"more-link\">Continuar leyendo<span class=\"screen-reader-text\"> \u00abComentario de G\u00e9nesis 20:2 &#8211; Ex\u00e9gesis y Hermen\u00e9utica de la Biblia\u00bb<\/span><\/a><\/p>\n","protected":false},"author":1,"featured_media":0,"comment_status":"","ping_status":"","sticky":false,"template":"","format":"standard","meta":{"footnotes":""},"categories":[1],"tags":[],"class_list":["post-719","post","type-post","status-publish","format-standard","hentry","category-comentario"],"_links":{"self":[{"href":"https:\/\/www.biblia.work\/comentario\/wp-json\/wp\/v2\/posts\/719","targetHints":{"allow":["GET"]}}],"collection":[{"href":"https:\/\/www.biblia.work\/comentario\/wp-json\/wp\/v2\/posts"}],"about":[{"href":"https:\/\/www.biblia.work\/comentario\/wp-json\/wp\/v2\/types\/post"}],"author":[{"embeddable":true,"href":"https:\/\/www.biblia.work\/comentario\/wp-json\/wp\/v2\/users\/1"}],"replies":[{"embeddable":true,"href":"https:\/\/www.biblia.work\/comentario\/wp-json\/wp\/v2\/comments?post=719"}],"version-history":[{"count":0,"href":"https:\/\/www.biblia.work\/comentario\/wp-json\/wp\/v2\/posts\/719\/revisions"}],"wp:attachment":[{"href":"https:\/\/www.biblia.work\/comentario\/wp-json\/wp\/v2\/media?parent=719"}],"wp:term":[{"taxonomy":"category","embeddable":true,"href":"https:\/\/www.biblia.work\/comentario\/wp-json\/wp\/v2\/categories?post=719"},{"taxonomy":"post_tag","embeddable":true,"href":"https:\/\/www.biblia.work\/comentario\/wp-json\/wp\/v2\/tags?post=719"}],"curies":[{"name":"wp","href":"https:\/\/api.w.org\/{rel}","templated":true}]}}