{"id":9671,"date":"2021-08-29T22:02:20","date_gmt":"2021-08-30T03:02:20","guid":{"rendered":"https:\/\/www.biblia.work\/diccionario-biblia\/parnach-persona-heb-parnak-el-padre-de-isabel-lider-de-la-tribu-de\/"},"modified":"2021-08-29T22:02:20","modified_gmt":"2021-08-30T03:02:20","slug":"parnach-persona-heb-parnak-el-padre-de-isabel-lider-de-la-tribu-de","status":"publish","type":"post","link":"https:\/\/www.biblia.work\/diccionario-biblia\/parnach-persona-heb-parnak-el-padre-de-isabel-lider-de-la-tribu-de\/","title":{"rendered":"PARNACH&nbsp;(PERSONA) [Heb&nbsp;parnak&nbsp;(&nbsp;&#1508;&#1463;&#1468;&#1512;&#1456;&#1504;&#1463;&#1498;)&nbsp;].&nbsp;El padre de Isabel, l\u00edder de la tribu de&#8230;"},"content":{"rendered":"<p><b>PARNACH&nbsp;<\/b>(PERSONA) [Heb&nbsp;parnak&nbsp;(&nbsp;&#1508;&#1463;&#1468;&#1512;&#1456;&#1504;&#1463;&#1498;)&nbsp;].&nbsp;El padre de Isabel, l\u00edder de la tribu de Zabul\u00f3n que fue designado para ayudar a distribuir la tierra a los israelitas (N\u00fam. 34:25).&nbsp;Parnach se toma como un nombre derivado de Elamite o Persa.&nbsp;Significa &quot;gastador&quot; o &quot;\u00e9xito&quot;.&nbsp;Un nombre similar se encuentra en un texto neobabil\u00f3nico de la era aquem\u00e9nida.&nbsp;En la LXX, Parnach se tradujo como&nbsp;par (a) nax&nbsp;.<\/p>\n<p class=MsoNormal style-bible='margin-bottom:0cm;line-height:normal'>&nbsp;&nbsp;&nbsp;&nbsp;&nbsp;&nbsp;RAFAEL I. PANITZ<\/p>\n","protected":false},"excerpt":{"rendered":"<p>PARNACH&nbsp;(PERSONA) [Heb&nbsp;parnak&nbsp;(&nbsp;&#1508;&#1463;&#1468;&#1512;&#1456;&#1504;&#1463;&#1498;)&nbsp;].&nbsp;El padre de Isabel, l\u00edder de la tribu de Zabul\u00f3n que fue designado para ayudar a distribuir la tierra a los israelitas (N\u00fam. 34:25).&nbsp;Parnach se toma como un nombre derivado de Elamite o Persa.&nbsp;Significa &quot;gastador&quot; o &quot;\u00e9xito&quot;.&nbsp;Un nombre similar se encuentra en un texto neobabil\u00f3nico de la era aquem\u00e9nida.&nbsp;En la LXX, Parnach se tradujo &hellip; <a href=\"https:\/\/www.biblia.work\/diccionario-biblia\/parnach-persona-heb-parnak-el-padre-de-isabel-lider-de-la-tribu-de\/\" class=\"more-link\">Continuar leyendo<span class=\"screen-reader-text\"> \u00abPARNACH&nbsp;(PERSONA) [Heb&nbsp;parnak&nbsp;(&nbsp;&#1508;&#1463;&#1468;&#1512;&#1456;&#1504;&#1463;&#1498;)&nbsp;].&nbsp;El padre de Isabel, l\u00edder de la tribu de&#8230;\u00bb<\/span><\/a><\/p>\n","protected":false},"author":1,"featured_media":0,"comment_status":"","ping_status":"","sticky":false,"template":"","format":"standard","meta":{"footnotes":""},"categories":[1],"tags":[],"class_list":["post-9671","post","type-post","status-publish","format-standard","hentry","category-diccionario-moderno-de-la-biblia"],"_links":{"self":[{"href":"https:\/\/www.biblia.work\/diccionario-biblia\/wp-json\/wp\/v2\/posts\/9671","targetHints":{"allow":["GET"]}}],"collection":[{"href":"https:\/\/www.biblia.work\/diccionario-biblia\/wp-json\/wp\/v2\/posts"}],"about":[{"href":"https:\/\/www.biblia.work\/diccionario-biblia\/wp-json\/wp\/v2\/types\/post"}],"author":[{"embeddable":true,"href":"https:\/\/www.biblia.work\/diccionario-biblia\/wp-json\/wp\/v2\/users\/1"}],"replies":[{"embeddable":true,"href":"https:\/\/www.biblia.work\/diccionario-biblia\/wp-json\/wp\/v2\/comments?post=9671"}],"version-history":[{"count":0,"href":"https:\/\/www.biblia.work\/diccionario-biblia\/wp-json\/wp\/v2\/posts\/9671\/revisions"}],"wp:attachment":[{"href":"https:\/\/www.biblia.work\/diccionario-biblia\/wp-json\/wp\/v2\/media?parent=9671"}],"wp:term":[{"taxonomy":"category","embeddable":true,"href":"https:\/\/www.biblia.work\/diccionario-biblia\/wp-json\/wp\/v2\/categories?post=9671"},{"taxonomy":"post_tag","embeddable":true,"href":"https:\/\/www.biblia.work\/diccionario-biblia\/wp-json\/wp\/v2\/tags?post=9671"}],"curies":[{"name":"wp","href":"https:\/\/api.w.org\/{rel}","templated":true}]}}