{"id":10092,"date":"2016-02-05T07:17:30","date_gmt":"2016-02-05T12:17:30","guid":{"rendered":"http:\/\/www.biblia.work\/diccionarios\/celestino-v-san\/"},"modified":"2016-02-05T07:17:30","modified_gmt":"2016-02-05T12:17:30","slug":"celestino-v-san","status":"publish","type":"post","link":"https:\/\/www.biblia.work\/diccionarios\/celestino-v-san\/","title":{"rendered":"CELESTINO V. SAN"},"content":{"rendered":"<p>[944] (1210-1296)<\/p>\n<p>    Fue benedictino de Faifoli, cerca de Isernia, en los Abruzos italianos. Dej\u00f3 el monasterio para dedicarse a la vida solitaria en varios lugares. En 1238 se orden\u00f3 sacerdote en Roma y se retir\u00f3 a vivir en la soledad y en la oraci\u00f3n.<\/p>\n<p>    En torno a sus eremitorios se organizaron grupos de eremitas, que fueron aprobados como Orden por Urbano IV en 1263 y por Gregorio X. Logr\u00f3 dejar el gobierno de la Orden y el \u00faltimo \u00e1mbito monacal al que se retir\u00f3 fue el de S. Onofrio.<\/p>\n<p>    Pero all\u00ed\u00ad le buscaron en 1294 por su fama y los Cardenales reunidos en C\u00f3nclave  en  Pistoya le designaron Papa. En el breve tiempo que gobern\u00f3 la Iglesia intent\u00f3 la reforma de los benedictinos y la correcci\u00f3n de abusos siguiendo la l\u00ed\u00adnea un tanto puritana y espiritual en la que estaba comprometido como monje riguroso y de estricta vida asc\u00e9tica.<\/p>\n<p>    Choc\u00f3 con una corte pontificia politizada, con los intereses de la familia Anjou, que le exig\u00ed\u00ada establecerse en N\u00e1poles, y con fuertes criticas a hechos tan normales en su tiempo, como el haber nombrado dos cardenales de su Instituto.<\/p>\n<p>    Abrumado por las intrigas curiales, tan ajenas a su car\u00e1cter y vida espiritual, renunci\u00f3 al Pontificado a los seis meses de elegido e intent\u00f3 ir a la soledad de nuevo. Pero el nuevo Papa Bonifacio VIII le mand\u00f3 detener y custodiar en Montecasino. Incluso le encarcel\u00f3 en Rocca de Fumone por miedo a que otros cardenales le recuperaran y se produjera un cisma. En prisi\u00f3n muri\u00f3 el 12 de Mayo de 1296. El Papa Clemente V lo proclam\u00f3 santo el 3 de Mayo de 1313.<\/p>\n<p>Pedro Chico Gonz\u00e1lez, Diccionario de Catequesis y Pedagog\u00ed\u00ada Religiosa, Editorial Bru\u00f1o, Lima, Per\u00fa 2006<\/p>\n<p><b>Fuente: Diccionario de Catequesis y Pedagog\u00eda Religiosa<\/b><\/p>\n","protected":false},"excerpt":{"rendered":"<p>[944] (1210-1296) Fue benedictino de Faifoli, cerca de Isernia, en los Abruzos italianos. Dej\u00f3 el monasterio para dedicarse a la vida solitaria en varios lugares. En 1238 se orden\u00f3 sacerdote en Roma y se retir\u00f3 a vivir en la soledad y en la oraci\u00f3n. En torno a sus eremitorios se organizaron grupos de eremitas, que &hellip; <a href=\"https:\/\/www.biblia.work\/diccionarios\/celestino-v-san\/\" class=\"more-link\">Continuar leyendo<span class=\"screen-reader-text\"> \u00abCELESTINO V. SAN\u00bb<\/span><\/a><\/p>\n","protected":false},"author":1,"featured_media":0,"comment_status":"open","ping_status":"open","sticky":false,"template":"","format":"standard","meta":{"footnotes":""},"categories":[4],"tags":[],"class_list":["post-10092","post","type-post","status-publish","format-standard","hentry","category-diccionario"],"_links":{"self":[{"href":"https:\/\/www.biblia.work\/diccionarios\/wp-json\/wp\/v2\/posts\/10092","targetHints":{"allow":["GET"]}}],"collection":[{"href":"https:\/\/www.biblia.work\/diccionarios\/wp-json\/wp\/v2\/posts"}],"about":[{"href":"https:\/\/www.biblia.work\/diccionarios\/wp-json\/wp\/v2\/types\/post"}],"author":[{"embeddable":true,"href":"https:\/\/www.biblia.work\/diccionarios\/wp-json\/wp\/v2\/users\/1"}],"replies":[{"embeddable":true,"href":"https:\/\/www.biblia.work\/diccionarios\/wp-json\/wp\/v2\/comments?post=10092"}],"version-history":[{"count":0,"href":"https:\/\/www.biblia.work\/diccionarios\/wp-json\/wp\/v2\/posts\/10092\/revisions"}],"wp:attachment":[{"href":"https:\/\/www.biblia.work\/diccionarios\/wp-json\/wp\/v2\/media?parent=10092"}],"wp:term":[{"taxonomy":"category","embeddable":true,"href":"https:\/\/www.biblia.work\/diccionarios\/wp-json\/wp\/v2\/categories?post=10092"},{"taxonomy":"post_tag","embeddable":true,"href":"https:\/\/www.biblia.work\/diccionarios\/wp-json\/wp\/v2\/tags?post=10092"}],"curies":[{"name":"wp","href":"https:\/\/api.w.org\/{rel}","templated":true}]}}