{"id":10098,"date":"2016-02-05T07:17:40","date_gmt":"2016-02-05T12:17:40","guid":{"rendered":"http:\/\/www.biblia.work\/diccionarios\/centessimus-annus\/"},"modified":"2016-02-05T07:17:40","modified_gmt":"2016-02-05T12:17:40","slug":"centessimus-annus","status":"publish","type":"post","link":"https:\/\/www.biblia.work\/diccionarios\/centessimus-annus\/","title":{"rendered":"CENTESSIMUS ANNUS"},"content":{"rendered":"<p>[072]<br \/>\n    Enc\u00ed\u00adclica de Juan Pablo II, conmemorativa del centenario de la \u00abRerum Novarum\u00bb, de Le\u00f3n XIII, publicada en la Solemnidad de San Jos\u00e9 obrero, el 1 de Mayo de 1990.<\/p>\n<p>   Reflexiona sobre la doctrina social de la Iglesia ante los nuevos cambios sociopol\u00ed\u00adticos, un siglo despu\u00e9s de la primera gran reflexi\u00f3n pontificia al respecto.<\/p>\n<p>    Sus centros de atenci\u00f3n son los siguientes:<\/p>\n<p>      1. Rasgos de la Rerum Novarum.<\/p>\n<p>      2. Cambios cien a\u00f1os despu\u00e9s.<\/p>\n<p>      3. Valores en los tiempos nuevos.<\/p>\n<p>      4. La propiedad privada y el destino universal de los bienes.<\/p>\n<p>     5. Poderes p\u00fablicos y cultura.<\/p>\n<p>      6. El hombre de hoy y la Iglesia.<\/p>\n<p>   Aborda temas generales de justicia y solidaridad. Dirige la atenci\u00f3n hacia otros temas nuevos de hoy: ecolog\u00ed\u00ada humana, familia, libertad, respeto, situaci\u00f3n de la mujer, educaci\u00f3n, progreso tecnol\u00f3gico, conflictos, etc.<\/p>\n<p>    Resalta de modo especial la necesidad de salvaguardar la familia, a pesar de la nueva situaci\u00f3n econ\u00f3mica, laboral, mundial. Es su mayor insistencia. Presenta a la Iglesia como un factor de progreso y un sacramento de solidaridad y esperanza en el mundo cambiante de hoy.<\/p>\n<p>Pedro Chico Gonz\u00e1lez, Diccionario de Catequesis y Pedagog\u00ed\u00ada Religiosa, Editorial Bru\u00f1o, Lima, Per\u00fa 2006<\/p>\n<p><b>Fuente: Diccionario de Catequesis y Pedagog\u00eda Religiosa<\/b><\/p>\n","protected":false},"excerpt":{"rendered":"<p>[072] Enc\u00ed\u00adclica de Juan Pablo II, conmemorativa del centenario de la \u00abRerum Novarum\u00bb, de Le\u00f3n XIII, publicada en la Solemnidad de San Jos\u00e9 obrero, el 1 de Mayo de 1990. Reflexiona sobre la doctrina social de la Iglesia ante los nuevos cambios sociopol\u00ed\u00adticos, un siglo despu\u00e9s de la primera gran reflexi\u00f3n pontificia al respecto. Sus &hellip; <a href=\"https:\/\/www.biblia.work\/diccionarios\/centessimus-annus\/\" class=\"more-link\">Continuar leyendo<span class=\"screen-reader-text\"> \u00abCENTESSIMUS ANNUS\u00bb<\/span><\/a><\/p>\n","protected":false},"author":1,"featured_media":0,"comment_status":"open","ping_status":"open","sticky":false,"template":"","format":"standard","meta":{"footnotes":""},"categories":[4],"tags":[],"class_list":["post-10098","post","type-post","status-publish","format-standard","hentry","category-diccionario"],"_links":{"self":[{"href":"https:\/\/www.biblia.work\/diccionarios\/wp-json\/wp\/v2\/posts\/10098","targetHints":{"allow":["GET"]}}],"collection":[{"href":"https:\/\/www.biblia.work\/diccionarios\/wp-json\/wp\/v2\/posts"}],"about":[{"href":"https:\/\/www.biblia.work\/diccionarios\/wp-json\/wp\/v2\/types\/post"}],"author":[{"embeddable":true,"href":"https:\/\/www.biblia.work\/diccionarios\/wp-json\/wp\/v2\/users\/1"}],"replies":[{"embeddable":true,"href":"https:\/\/www.biblia.work\/diccionarios\/wp-json\/wp\/v2\/comments?post=10098"}],"version-history":[{"count":0,"href":"https:\/\/www.biblia.work\/diccionarios\/wp-json\/wp\/v2\/posts\/10098\/revisions"}],"wp:attachment":[{"href":"https:\/\/www.biblia.work\/diccionarios\/wp-json\/wp\/v2\/media?parent=10098"}],"wp:term":[{"taxonomy":"category","embeddable":true,"href":"https:\/\/www.biblia.work\/diccionarios\/wp-json\/wp\/v2\/categories?post=10098"},{"taxonomy":"post_tag","embeddable":true,"href":"https:\/\/www.biblia.work\/diccionarios\/wp-json\/wp\/v2\/tags?post=10098"}],"curies":[{"name":"wp","href":"https:\/\/api.w.org\/{rel}","templated":true}]}}