{"id":10424,"date":"2016-02-05T07:27:27","date_gmt":"2016-02-05T12:27:27","guid":{"rendered":"http:\/\/www.biblia.work\/diccionarios\/descartes-renato\/"},"modified":"2016-02-05T07:27:27","modified_gmt":"2016-02-05T12:27:27","slug":"descartes-renato","status":"publish","type":"post","link":"https:\/\/www.biblia.work\/diccionarios\/descartes-renato\/","title":{"rendered":"DESCARTES. RENATO"},"content":{"rendered":"<p>[961] (1596-1650)<\/p>\n<p>     Fil\u00f3sofo y matem\u00e1tico franc\u00e9s, iniciador del racionalismo y de enorme influencia en el pensamiento europeo posterior al siglo XVII, tanto en los planteamientos racionalistas como en la Matem\u00e1tica, la F\u00ed\u00adsica y la Sociolog\u00ed\u00ada.<\/p>\n<p>    Se inici\u00f3 con los Jesuitas del Colegio de La Fl\u00e8che. Particip\u00f3 en las campa\u00f1as militares de la guerra de los 30 a\u00f1os.<\/p>\n<p>    Nunca rompi\u00f3 con la doctrina cristiana, pero puso los temas religiosos fuera del terreno de la Filosof\u00ed\u00ada. Por eso Dios, alma, vida eterna los propuso como cuestiones de fe no de argumentaci\u00f3n filos\u00f3fica. Fue el motivo por el que fue mirado con desconfianza por las autoridades religiosas, ya que las consecuencias para la autoridad eclesial o para la validez del dogma quedaban h\u00e1bilmente soslayadas en sus planteamientos y publicaciones.<\/p>\n<p>    Su antropocentrismo racional, basado en el postulado incuestionable de la propia existencia, fue el eje de su pensamiento racionalista. Lo formul\u00f3 con el \u00abPienso, luego existo\u00bb de su \u00abDiscurso del m\u00e9todo\u00bb, no siempre f\u00e1cil de explicar: cogito, ergo sum, para unos; cogitans sum, para otros; \u00abpienso, luego existo\u00bb o \u00aben cuanto pienso, existo\u00bb para todos sus seguidores.<\/p>\n<p>    Este principio le llev\u00f3 a matematizar la Filosof\u00ed\u00ada y argumentar al modo de los teoremas geom\u00e9tricos y del rigor anal\u00ed\u00adtico del c\u00e1lculo, con el fin de conseguir \u00abla verdad clara y distinta\u00bb, objetivo que se consigue mediante la metodolog\u00ed\u00ada de sutileza reflexiva (\u00abesprit de finesse\u00bb).<\/p>\n<p>    La doble realidad del hombre (sustancia cogitans o pensante y sustancia re o extensa) le lleva a una visi\u00f3n dualista de la persona, en donde el alma s\u00f3lo artificialmente se halla unida al cuerpo, lo que le aparta de la visi\u00f3n tomista en su tiempo dominante.<\/p>\n<p>    Sus obras filos\u00f3ficas \u00abTratado de las pasiones del alma\u00bb, \u00abMeditaciones Filos\u00f3ficas\u00bb, \u00abPrincipios de Filosof\u00ed\u00ada\u00bb , adem\u00e1s de sus portentosos escritos matem\u00e1ticos, f\u00ed\u00adsicos y sociales cuya vigencia se mantiene en los siglos posteriores.<\/p>\n<p>Pedro Chico Gonz\u00e1lez, Diccionario de Catequesis y Pedagog\u00ed\u00ada Religiosa, Editorial Bru\u00f1o, Lima, Per\u00fa 2006<\/p>\n<p><b>Fuente: Diccionario de Catequesis y Pedagog\u00eda Religiosa<\/b><\/p>\n","protected":false},"excerpt":{"rendered":"<p>[961] (1596-1650) Fil\u00f3sofo y matem\u00e1tico franc\u00e9s, iniciador del racionalismo y de enorme influencia en el pensamiento europeo posterior al siglo XVII, tanto en los planteamientos racionalistas como en la Matem\u00e1tica, la F\u00ed\u00adsica y la Sociolog\u00ed\u00ada. Se inici\u00f3 con los Jesuitas del Colegio de La Fl\u00e8che. Particip\u00f3 en las campa\u00f1as militares de la guerra de los &hellip; <a href=\"https:\/\/www.biblia.work\/diccionarios\/descartes-renato\/\" class=\"more-link\">Continuar leyendo<span class=\"screen-reader-text\"> \u00abDESCARTES. RENATO\u00bb<\/span><\/a><\/p>\n","protected":false},"author":1,"featured_media":0,"comment_status":"open","ping_status":"open","sticky":false,"template":"","format":"standard","meta":{"footnotes":""},"categories":[4],"tags":[],"class_list":["post-10424","post","type-post","status-publish","format-standard","hentry","category-diccionario"],"_links":{"self":[{"href":"https:\/\/www.biblia.work\/diccionarios\/wp-json\/wp\/v2\/posts\/10424","targetHints":{"allow":["GET"]}}],"collection":[{"href":"https:\/\/www.biblia.work\/diccionarios\/wp-json\/wp\/v2\/posts"}],"about":[{"href":"https:\/\/www.biblia.work\/diccionarios\/wp-json\/wp\/v2\/types\/post"}],"author":[{"embeddable":true,"href":"https:\/\/www.biblia.work\/diccionarios\/wp-json\/wp\/v2\/users\/1"}],"replies":[{"embeddable":true,"href":"https:\/\/www.biblia.work\/diccionarios\/wp-json\/wp\/v2\/comments?post=10424"}],"version-history":[{"count":0,"href":"https:\/\/www.biblia.work\/diccionarios\/wp-json\/wp\/v2\/posts\/10424\/revisions"}],"wp:attachment":[{"href":"https:\/\/www.biblia.work\/diccionarios\/wp-json\/wp\/v2\/media?parent=10424"}],"wp:term":[{"taxonomy":"category","embeddable":true,"href":"https:\/\/www.biblia.work\/diccionarios\/wp-json\/wp\/v2\/categories?post=10424"},{"taxonomy":"post_tag","embeddable":true,"href":"https:\/\/www.biblia.work\/diccionarios\/wp-json\/wp\/v2\/tags?post=10424"}],"curies":[{"name":"wp","href":"https:\/\/api.w.org\/{rel}","templated":true}]}}