{"id":10442,"date":"2016-02-05T07:28:00","date_gmt":"2016-02-05T12:28:00","guid":{"rendered":"http:\/\/www.biblia.work\/diccionarios\/devaud-eugenio\/"},"modified":"2016-02-05T07:28:00","modified_gmt":"2016-02-05T12:28:00","slug":"devaud-eugenio","status":"publish","type":"post","link":"https:\/\/www.biblia.work\/diccionarios\/devaud-eugenio\/","title":{"rendered":"DEVAUD. EUGENIO"},"content":{"rendered":"<p>[971](1876-1942)<br \/>\n   Pedagogo de Friburgo y encargado de las escuelas de la regi\u00f3n y de diversos cargos significativos en el Cabildo de la catedral y ejerciendo valiosas aportaciones docentes en su c\u00e1tedra de Pedagog\u00ed\u00ada de la Universidad y en el ejercicios de la docencia en diversos Centros de la regi\u00f3n.<\/p>\n<p>    Con sus obras escritas y sus m\u00faltiples tareas docentes y actividades de orientaci\u00f3n y de divulgaci\u00f3n, fue uno de los m\u00e1s significativos pedagogos de inspiraci\u00f3n cristiana en Europa.<\/p>\n<p>    Estudi\u00f3 a fondo las inspiraciones y metodolog\u00ed\u00adas de las Escuelas activas de Europa (Ferri\u00e8re, Clapar\u00e8de, Decroly) con el deseo de hacerlas compatibles con la escuela confesional.<\/p>\n<p>    Sus obras, tales como \u00abHacia una escuela activa de inspiraci\u00f3n cristiana\u00bb, \u00abEl sistema Decroly y la pedagog\u00ed\u00ada cristiana\u00bb, y \u00abLa escuela primaria de Friburgo\u00bb, reflejaron su opci\u00f3n por la renovaci\u00f3n escolar en los centros cristianos.<\/p>\n<p>Pedro Chico Gonz\u00e1lez, Diccionario de Catequesis y Pedagog\u00ed\u00ada Religiosa, Editorial Bru\u00f1o, Lima, Per\u00fa 2006<\/p>\n<p><b>Fuente: Diccionario de Catequesis y Pedagog\u00eda Religiosa<\/b><\/p>\n","protected":false},"excerpt":{"rendered":"<p>[971](1876-1942) Pedagogo de Friburgo y encargado de las escuelas de la regi\u00f3n y de diversos cargos significativos en el Cabildo de la catedral y ejerciendo valiosas aportaciones docentes en su c\u00e1tedra de Pedagog\u00ed\u00ada de la Universidad y en el ejercicios de la docencia en diversos Centros de la regi\u00f3n. Con sus obras escritas y sus &hellip; <a href=\"https:\/\/www.biblia.work\/diccionarios\/devaud-eugenio\/\" class=\"more-link\">Continuar leyendo<span class=\"screen-reader-text\"> \u00abDEVAUD. EUGENIO\u00bb<\/span><\/a><\/p>\n","protected":false},"author":1,"featured_media":0,"comment_status":"open","ping_status":"open","sticky":false,"template":"","format":"standard","meta":{"footnotes":""},"categories":[4],"tags":[],"class_list":["post-10442","post","type-post","status-publish","format-standard","hentry","category-diccionario"],"_links":{"self":[{"href":"https:\/\/www.biblia.work\/diccionarios\/wp-json\/wp\/v2\/posts\/10442","targetHints":{"allow":["GET"]}}],"collection":[{"href":"https:\/\/www.biblia.work\/diccionarios\/wp-json\/wp\/v2\/posts"}],"about":[{"href":"https:\/\/www.biblia.work\/diccionarios\/wp-json\/wp\/v2\/types\/post"}],"author":[{"embeddable":true,"href":"https:\/\/www.biblia.work\/diccionarios\/wp-json\/wp\/v2\/users\/1"}],"replies":[{"embeddable":true,"href":"https:\/\/www.biblia.work\/diccionarios\/wp-json\/wp\/v2\/comments?post=10442"}],"version-history":[{"count":0,"href":"https:\/\/www.biblia.work\/diccionarios\/wp-json\/wp\/v2\/posts\/10442\/revisions"}],"wp:attachment":[{"href":"https:\/\/www.biblia.work\/diccionarios\/wp-json\/wp\/v2\/media?parent=10442"}],"wp:term":[{"taxonomy":"category","embeddable":true,"href":"https:\/\/www.biblia.work\/diccionarios\/wp-json\/wp\/v2\/categories?post=10442"},{"taxonomy":"post_tag","embeddable":true,"href":"https:\/\/www.biblia.work\/diccionarios\/wp-json\/wp\/v2\/tags?post=10442"}],"curies":[{"name":"wp","href":"https:\/\/api.w.org\/{rel}","templated":true}]}}