{"id":10446,"date":"2016-02-05T07:28:07","date_gmt":"2016-02-05T12:28:07","guid":{"rendered":"http:\/\/www.biblia.work\/diccionarios\/deza-diego-de\/"},"modified":"2016-02-05T07:28:07","modified_gmt":"2016-02-05T12:28:07","slug":"deza-diego-de","status":"publish","type":"post","link":"https:\/\/www.biblia.work\/diccionarios\/deza-diego-de\/","title":{"rendered":"DEZA. DIEGO DE"},"content":{"rendered":"<p>[951](1470-1523)<\/p>\n<p>    Dominico brillante y erudito, ingresado en 1470 el convento de San Ildefonso de Toro y estudiante en la Universidad de Salamanca. Ejerci\u00f3 la docencia en ella como catedr\u00e1tico de filosof\u00ed\u00ada natural, prima de teolog\u00ed\u00ada y v\u00ed\u00adsperas de teolog\u00ed\u00ada.<\/p>\n<p>    En 1486 recibi\u00f3 la misi\u00f3n de educar al pr\u00ed\u00adncipe Juan, \u00fanico hijo var\u00f3n de los Reyes Cat\u00f3licos. Fue nombrado por Alejandro VI obispo de Zamora y en 1494 de Salamanca. por tres a\u00f1os el pr\u00ed\u00adncipe estuvo con \u00e9l hasta su enfermedad y muerte en Octubre de 1497.<\/p>\n<p>    Conoci\u00f3 en la Corte a Col\u00f3n, estableciendo amistad con el descubridor. En 1498 fue nombrado obispo de Ja\u00e9n y el general de la Orden, Torquemada,  le propuso como inquisidor de Castilla y Le\u00f3n, cargo al que a\u00f1adi\u00f3 el de inquisidor de Arag\u00f3n desde 1499. Fue nombrado Obispo de Palencia en 1500 y trasladado a la Sede de Sevilla en 1504. Al fallecer Isabel, fue nombrado testamentario junto a Fernando el Cat\u00f3lico  y a Cisneros.<\/p>\n<p>    Adopt\u00f3 dura postura ante los conversos, por lo que acus\u00f3 a Fray Hernando de Talavera como judaizante. Al ser declarado inocente, Deza deleg\u00f3 su cargo en Junio de 1506 y tuvo que justificar su postura ante Felipe el Hermoso. Al morir el Rey, y ante la enfermedad de Juana, ocup\u00f3 algunos cargos, siendo sustituido por Cisneros al frente del Santo Oficio al a\u00f1o siguiente (1507).<\/p>\n<p>    Su \u00faltimo nombramiento fue el de Arzobispo de Toledo por parte del papa Adriano VI. No ocup\u00f3 su cargo, pues falleci\u00f3 en el Convento de San Jer\u00f3nimo de Buenavista el 9 de Junio de 1523.<\/p>\n<p>Pedro Chico Gonz\u00e1lez, Diccionario de Catequesis y Pedagog\u00ed\u00ada Religiosa, Editorial Bru\u00f1o, Lima, Per\u00fa 2006<\/p>\n<p><b>Fuente: Diccionario de Catequesis y Pedagog\u00eda Religiosa<\/b><\/p>\n","protected":false},"excerpt":{"rendered":"<p>[951](1470-1523) Dominico brillante y erudito, ingresado en 1470 el convento de San Ildefonso de Toro y estudiante en la Universidad de Salamanca. Ejerci\u00f3 la docencia en ella como catedr\u00e1tico de filosof\u00ed\u00ada natural, prima de teolog\u00ed\u00ada y v\u00ed\u00adsperas de teolog\u00ed\u00ada. En 1486 recibi\u00f3 la misi\u00f3n de educar al pr\u00ed\u00adncipe Juan, \u00fanico hijo var\u00f3n de los Reyes &hellip; <a href=\"https:\/\/www.biblia.work\/diccionarios\/deza-diego-de\/\" class=\"more-link\">Continuar leyendo<span class=\"screen-reader-text\"> \u00abDEZA. DIEGO DE\u00bb<\/span><\/a><\/p>\n","protected":false},"author":1,"featured_media":0,"comment_status":"open","ping_status":"open","sticky":false,"template":"","format":"standard","meta":{"footnotes":""},"categories":[4],"tags":[],"class_list":["post-10446","post","type-post","status-publish","format-standard","hentry","category-diccionario"],"_links":{"self":[{"href":"https:\/\/www.biblia.work\/diccionarios\/wp-json\/wp\/v2\/posts\/10446","targetHints":{"allow":["GET"]}}],"collection":[{"href":"https:\/\/www.biblia.work\/diccionarios\/wp-json\/wp\/v2\/posts"}],"about":[{"href":"https:\/\/www.biblia.work\/diccionarios\/wp-json\/wp\/v2\/types\/post"}],"author":[{"embeddable":true,"href":"https:\/\/www.biblia.work\/diccionarios\/wp-json\/wp\/v2\/users\/1"}],"replies":[{"embeddable":true,"href":"https:\/\/www.biblia.work\/diccionarios\/wp-json\/wp\/v2\/comments?post=10446"}],"version-history":[{"count":0,"href":"https:\/\/www.biblia.work\/diccionarios\/wp-json\/wp\/v2\/posts\/10446\/revisions"}],"wp:attachment":[{"href":"https:\/\/www.biblia.work\/diccionarios\/wp-json\/wp\/v2\/media?parent=10446"}],"wp:term":[{"taxonomy":"category","embeddable":true,"href":"https:\/\/www.biblia.work\/diccionarios\/wp-json\/wp\/v2\/categories?post=10446"},{"taxonomy":"post_tag","embeddable":true,"href":"https:\/\/www.biblia.work\/diccionarios\/wp-json\/wp\/v2\/tags?post=10446"}],"curies":[{"name":"wp","href":"https:\/\/api.w.org\/{rel}","templated":true}]}}