{"id":10477,"date":"2016-02-05T07:29:02","date_gmt":"2016-02-05T12:29:02","guid":{"rendered":"http:\/\/www.biblia.work\/diccionarios\/dios-san-juan-de\/"},"modified":"2016-02-05T07:29:02","modified_gmt":"2016-02-05T12:29:02","slug":"dios-san-juan-de","status":"publish","type":"post","link":"https:\/\/www.biblia.work\/diccionarios\/dios-san-juan-de\/","title":{"rendered":"DIOS. SAN JUAN DE"},"content":{"rendered":"<p>[955](1495-1550)<\/p>\n<p>    Fundador de la Orden Hospitalaria en 1550. Sorprendente, humilde por su vida, popular por su caridad, impresionante por su hero\u00ed\u00adsmo, resplandeciente por su ejemplo, maravilloso por su amor al pr\u00f3jimo. Adem\u00e1s, Fundador a distancia, pues sus Hermanos Hospitalarios s\u00f3lo despu\u00e9s de su muerte pensaron en organizarse en Instituto al estilo de la vida que hab\u00ed\u00ada llevado el \u00abloco de Dios\u00bb.<\/p>\n<p>    Naci\u00f3 en 1495 en Montemoro-Novo, en la Di\u00f3cesis de Evora, Portugal. Ten\u00ed\u00ada s\u00f3lo ocho a\u00f1os y huy\u00f3 de casa con un peregrino, tal vez un vendedor ambulante o acaso un cl\u00e9rigo y lleg\u00f3 a Oropesa. Se emple\u00f3 como pastor en 1512<br \/>\n    En 1523 se alist\u00f3 o le alistaron en el ej\u00e9rcito de Carlos V, en una leva que el Conde de Oropesa envi\u00f3 al Emperador. Luch\u00f3 en Fuenterrab\u00ed\u00ada, sitiada por Francisco I. Regres\u00f3 a Oropesa, en donde espero ocho  ocho a\u00f1os<br \/>\n    En 1532 de nuevo se enrol\u00f3 en el ej\u00e9rcito en la Compa\u00f1\u00ed\u00ada del Conde de Oropesa y luch\u00f3 contra los turcos que trataban de conquistar Viena. Terminada la batalla, regres\u00f3 con el Conde por mar. Desde La Coru\u00f1a, dese\u00f3 conocer el paradero de su familia y fue a Portugal, donde s\u00f3lo exist\u00ed\u00ada ya un viejo t\u00ed\u00ado, pues los dem\u00e1s hab\u00ed\u00adan muerto; su madre y su padre, a poco de marchar \u00e9l. Se marcha hacia Andaluc\u00ed\u00ada y trabaja como ganadero en tierras de Sevilla.<\/p>\n<p>    En 1534 decide pasar a Africa y se dirige a Gibraltar. Se embarca para Ceuta con un desterrado portugu\u00e9s, para quien trabaja. La apostas\u00ed\u00ada del compa\u00f1ero de trabajo le perturba. Decide regresar, por consejo de un Padre franciscano, y de nuevo se embarca para Gibraltar. Se dedic\u00f3 a la venta ambulante de libros y objetos piadosos<\/p>\n<p>    En 1538, seg\u00fan la tradici\u00f3n, se le apareci\u00f3 el Jes\u00fas Ni\u00f1o, ofreci\u00e9ndole una medalla con una cruz y dici\u00e9ndole unas palabras: \u00abJuan de Dios, Granada ser\u00e1 tu cruz\u00bb. Estando en Granada en 1539, el 20 de Enero, escuch\u00f3 un serm\u00f3n de San Juan de Avila. Arrepentido de sus pecados, comienza a predicar. Le toman por lo loco y le encierran en el manicomio en medio de maltratos. Le encontr\u00f3 all\u00ed\u00ad San Juan de Avila y le sac\u00f3 con orden de llevar vida de piedad y de ayudar al pr\u00f3jimo. Peregrino a Ntra. Sra. de Guadalupe. De regreso, se dedic\u00f3 a cuidar a los enfermos, sobre todo a los pobres locos. Logr\u00f3 alquilar un modesto caser\u00f3n y as\u00ed\u00ad naci\u00f3 su primer hospital, que pronto traslad\u00f3 a una casa mayor.<\/p>\n<p> Algunos hombres piadosos se juntaron a su empresa. Ellos, luego de la muerte del santo, se organizaron en Hermandad y fueron reconocidos por la Iglesia como Orden de caridad.<\/p>\n<p>    En 1541 su Hospital albergaba ya unos 200 enfermos y acogidos, siempre con las puertas abiertas para todos los peregrinos y pobres. Se dedic\u00f3 a pedir limosnas para ellos y a luchar por sostenerlos<br \/>\n   En 1545 hizo un viaje a Valladolid para buscar medios y apoyo en la Corte Estuvo nueve meses. Visit\u00f3 a Felipe II, todav\u00ed\u00ada pr\u00ed\u00adncipe y obtuvo muchas limosnas, pero las reparti\u00f3 en la misma ciudad de Valladolid y volvi\u00f3 sin nada para sus mendigos de Granada. Llev\u00f3 algunas c\u00e9lulas y autorizaciones<br \/>\n    En 1550, el 8 de Marzo, falleci\u00f3 en Granada en el palacio de la piadosa se\u00f1ora D\u00f1a. Ana de Osorio, esposa del Marqu\u00e9s de Garc\u00ed\u00ada de Pisa, la cual le oblig\u00f3 a ir a su casa ante su inminente muerte. Fue enterrado en la capilla que pose\u00ed\u00ada la piadosa se\u00f1ora, despu\u00e9s de enorme manifestaci\u00f3n de duelo.<\/p>\n<p>   Fue Beatificado el 21 de Septiembre de 1630 por Urbano VIII y canonizado el 16 de Octubre de 1690 por Alejandro VIII. De el se conservan s\u00f3lo 6 Cartas.<\/p>\n<p>Pedro Chico Gonz\u00e1lez, Diccionario de Catequesis y Pedagog\u00ed\u00ada Religiosa, Editorial Bru\u00f1o, Lima, Per\u00fa 2006<\/p>\n<p><b>Fuente: Diccionario de Catequesis y Pedagog\u00eda Religiosa<\/b><\/p>\n","protected":false},"excerpt":{"rendered":"<p>[955](1495-1550) Fundador de la Orden Hospitalaria en 1550. Sorprendente, humilde por su vida, popular por su caridad, impresionante por su hero\u00ed\u00adsmo, resplandeciente por su ejemplo, maravilloso por su amor al pr\u00f3jimo. Adem\u00e1s, Fundador a distancia, pues sus Hermanos Hospitalarios s\u00f3lo despu\u00e9s de su muerte pensaron en organizarse en Instituto al estilo de la vida que &hellip; <a href=\"https:\/\/www.biblia.work\/diccionarios\/dios-san-juan-de\/\" class=\"more-link\">Continuar leyendo<span class=\"screen-reader-text\"> \u00abDIOS. SAN JUAN DE\u00bb<\/span><\/a><\/p>\n","protected":false},"author":1,"featured_media":0,"comment_status":"open","ping_status":"open","sticky":false,"template":"","format":"standard","meta":{"footnotes":""},"categories":[4],"tags":[],"class_list":["post-10477","post","type-post","status-publish","format-standard","hentry","category-diccionario"],"_links":{"self":[{"href":"https:\/\/www.biblia.work\/diccionarios\/wp-json\/wp\/v2\/posts\/10477","targetHints":{"allow":["GET"]}}],"collection":[{"href":"https:\/\/www.biblia.work\/diccionarios\/wp-json\/wp\/v2\/posts"}],"about":[{"href":"https:\/\/www.biblia.work\/diccionarios\/wp-json\/wp\/v2\/types\/post"}],"author":[{"embeddable":true,"href":"https:\/\/www.biblia.work\/diccionarios\/wp-json\/wp\/v2\/users\/1"}],"replies":[{"embeddable":true,"href":"https:\/\/www.biblia.work\/diccionarios\/wp-json\/wp\/v2\/comments?post=10477"}],"version-history":[{"count":0,"href":"https:\/\/www.biblia.work\/diccionarios\/wp-json\/wp\/v2\/posts\/10477\/revisions"}],"wp:attachment":[{"href":"https:\/\/www.biblia.work\/diccionarios\/wp-json\/wp\/v2\/media?parent=10477"}],"wp:term":[{"taxonomy":"category","embeddable":true,"href":"https:\/\/www.biblia.work\/diccionarios\/wp-json\/wp\/v2\/categories?post=10477"},{"taxonomy":"post_tag","embeddable":true,"href":"https:\/\/www.biblia.work\/diccionarios\/wp-json\/wp\/v2\/tags?post=10477"}],"curies":[{"name":"wp","href":"https:\/\/api.w.org\/{rel}","templated":true}]}}