{"id":10702,"date":"2016-02-05T07:35:49","date_gmt":"2016-02-05T12:35:49","guid":{"rendered":"http:\/\/www.biblia.work\/diccionarios\/escolastica-santa\/"},"modified":"2016-02-05T07:35:49","modified_gmt":"2016-02-05T12:35:49","slug":"escolastica-santa","status":"publish","type":"post","link":"https:\/\/www.biblia.work\/diccionarios\/escolastica-santa\/","title":{"rendered":"ESCOLASTICA. SANTA"},"content":{"rendered":"<p>[932]<br \/>\n   Hermana de S. Benito de Nursia, fundador y abad de Montecassino. Su figura se pierde en la leyenda y en las pocas noticias que nos transmiten los bi\u00f3grafos del gran santo fundador del monacato de Occidente. Pero la devoci\u00f3n por esta mujer santa y piadosa se ha mantenido a trav\u00e9s de los siglos.<\/p>\n<p>    S. Gregorio Magno, en su segundo libro de los Di\u00e1logos, relata sus virtudes y hechos santos. Se consagr\u00f3 a Dios desde la infancia. Vivi\u00f3 luego cerca de su hermano en Cassino. Cada a\u00f1o se reun\u00ed\u00ada una vez con \u00e9l para orar y hablar de Dios. El \u00faltimo encuentro es recordado con veneraci\u00f3n.<\/p>\n<p>    Se prolong\u00f3 el coloquio hasta tarde. Ella pidi\u00f3 a su hermano que se quedase por la noche para conversar m\u00e1s de Dios. El se neg\u00f3 y una terrible tormenta cay\u00f3 en la zona, lo que le impidi\u00f3 salir. \u00abLo que no has querido concederme, Dios me lo ha dado\u00bb.<\/p>\n<p>    Tres d\u00ed\u00adas m\u00e1s tarde, Benito vio el alma de Escol\u00e1stica subir al cielo en forma de una paloma. Regres\u00f3 al monasterio y llev\u00f3 su cad\u00e1ver a Montecassino y la enterr\u00f3 en el oratorio de la cumbre del monte, donde todav\u00ed\u00ada reposan sus restos junto a los de su hermano. El reconocimiento can\u00f3nico y cient\u00ed\u00adfico de sus huesos, junto con los de su hemano, hecho en 1950, confirm\u00f3 la autenticidad de la tradici\u00f3<\/p>\n<p>Pedro Chico Gonz\u00e1lez, Diccionario de Catequesis y Pedagog\u00ed\u00ada Religiosa, Editorial Bru\u00f1o, Lima, Per\u00fa 2006<\/p>\n<p><b>Fuente: Diccionario de Catequesis y Pedagog\u00eda Religiosa<\/b><\/p>\n","protected":false},"excerpt":{"rendered":"<p>[932] Hermana de S. Benito de Nursia, fundador y abad de Montecassino. Su figura se pierde en la leyenda y en las pocas noticias que nos transmiten los bi\u00f3grafos del gran santo fundador del monacato de Occidente. Pero la devoci\u00f3n por esta mujer santa y piadosa se ha mantenido a trav\u00e9s de los siglos. S. &hellip; <a href=\"https:\/\/www.biblia.work\/diccionarios\/escolastica-santa\/\" class=\"more-link\">Continuar leyendo<span class=\"screen-reader-text\"> \u00abESCOLASTICA. SANTA\u00bb<\/span><\/a><\/p>\n","protected":false},"author":1,"featured_media":0,"comment_status":"open","ping_status":"open","sticky":false,"template":"","format":"standard","meta":{"footnotes":""},"categories":[4],"tags":[],"class_list":["post-10702","post","type-post","status-publish","format-standard","hentry","category-diccionario"],"_links":{"self":[{"href":"https:\/\/www.biblia.work\/diccionarios\/wp-json\/wp\/v2\/posts\/10702","targetHints":{"allow":["GET"]}}],"collection":[{"href":"https:\/\/www.biblia.work\/diccionarios\/wp-json\/wp\/v2\/posts"}],"about":[{"href":"https:\/\/www.biblia.work\/diccionarios\/wp-json\/wp\/v2\/types\/post"}],"author":[{"embeddable":true,"href":"https:\/\/www.biblia.work\/diccionarios\/wp-json\/wp\/v2\/users\/1"}],"replies":[{"embeddable":true,"href":"https:\/\/www.biblia.work\/diccionarios\/wp-json\/wp\/v2\/comments?post=10702"}],"version-history":[{"count":0,"href":"https:\/\/www.biblia.work\/diccionarios\/wp-json\/wp\/v2\/posts\/10702\/revisions"}],"wp:attachment":[{"href":"https:\/\/www.biblia.work\/diccionarios\/wp-json\/wp\/v2\/media?parent=10702"}],"wp:term":[{"taxonomy":"category","embeddable":true,"href":"https:\/\/www.biblia.work\/diccionarios\/wp-json\/wp\/v2\/categories?post=10702"},{"taxonomy":"post_tag","embeddable":true,"href":"https:\/\/www.biblia.work\/diccionarios\/wp-json\/wp\/v2\/tags?post=10702"}],"curies":[{"name":"wp","href":"https:\/\/api.w.org\/{rel}","templated":true}]}}