{"id":10706,"date":"2016-02-05T07:35:56","date_gmt":"2016-02-05T12:35:56","guid":{"rendered":"http:\/\/www.biblia.work\/diccionarios\/escriva-san-jose-maria\/"},"modified":"2016-02-05T07:35:56","modified_gmt":"2016-02-05T12:35:56","slug":"escriva-san-jose-maria","status":"publish","type":"post","link":"https:\/\/www.biblia.work\/diccionarios\/escriva-san-jose-maria\/","title":{"rendered":"ESCRIVA. SAN JOSE MARIA"},"content":{"rendered":"<p>[978] (1902-1975)<\/p>\n<p>  Fundador de la Hermandad del Opus Dei en 1928. Naci\u00f3 en 1902, el 9 de Enero, en Barbastro, Espa\u00f1a. De familia sencilla, dedicada al comercio de telas, sus padres, Jos\u00e9 Escriv\u00e1 y Dolores Alb\u00e1s, le bautizaron con los nombres de Jos\u00e9, Mar\u00ed\u00ada, Juli\u00e1n, Mariano. Sus seguidores preferir\u00ed\u00adan m\u00e1s tarde esribir su  nombre como Josemar\u00ed\u00ada, con cierto af\u00e1n de singularidad institucional.<\/p>\n<p>     Tuvo cuatro hermanas y un hermano. Frecuent\u00f3 las aulas del Colegio de los Escolapios.  En 1915 se traslad\u00f3 con la familia a Logro\u00f1o. En 1918 comenz\u00f3 los estudios eclesi\u00e1sticos, como externo, en el Seminario Diocesano. En 1923 inici\u00f3 la carrera de Derecho en Zaragoza.<\/p>\n<p>     En 1924, 27 de Noviembre, falleci\u00f3 su padre. Qued\u00f3 como responsable de su madre y de sus hermanos.<\/p>\n<p>     El 28 de Marzo de 1925 fue ordenado sacerdote en la Iglesia del Seminario de Zaragoza. Celebr\u00f3 la primera misa en la Capilla del Pilar. Fue destinado unos meses al pueblo de Perdiguera, a 24 Kms. de Zaragoza. Luego continu\u00f3 sus estudios. En 1927 fue a Madrid para realizar el Doctorado en Derecho.<\/p>\n<p>     Al mismo tiempo multiplic\u00f3 sus actividades sacerdotales. Se centr\u00f3, sobre todo, como capell\u00e1n del Patronato de enfermos, a atenderlos espiritualmente en la ciudad. Trabaj\u00f3 tambi\u00e9n en obras juveniles y de Catequesis.<\/p>\n<p>     En 1928 tuvo la inspiraci\u00f3n de iniciar su \u00abObra\u00bb, mientras participaba en unos ejercicios espirituales en la Casa Central de los Pa\u00fales de Madrid. Fund\u00f3 el Opus Dei para seglares y para j\u00f3venes comprometidos con las obras de Dios.<\/p>\n<p>     En 1930 pens\u00f3 que deb\u00ed\u00ada haber un Opus Dei para las mujeres y comenz\u00f3 a trabajar con los grupos femeninos. Su madre y su hermana Carmen, con quienes viv\u00ed\u00ada, le ayudaron con eficacia en la animaci\u00f3n de las muchachas.<\/p>\n<p>     Hacia fines de 1933 comenz\u00f3, con un grupo de j\u00f3venes, la primera Academia que dirigi\u00f3 el grupo del Opus Dei. Fue la DYA (Derecho y Arquitectura). En 1935 inici\u00f3 el Centro del Opus Dei de la Calle Ferraz, con la misa que celebr\u00f3 en la Residencia all\u00ed\u00ad establecida.<\/p>\n<p>     En 1936 abandon\u00f3 la casa en la que viv\u00ed\u00ada con su madre, ante el cariz de los acontecimientos revolucionarios de la guerra civil. Se refugi\u00f3 en casa de un amigo. Los primeros meses de la guerra los pas\u00f3 de refugio en refugio, hasta que entr\u00f3 en la Legaci\u00f3n de Honduras.<\/p>\n<p>     En 1937, en Noviembre, logr\u00f3 evadirse a Francia por los Pirineos, con un grupo de fugitivos. El d\u00ed\u00ada 28 de este mes celebr\u00f3 ya la misa en Andorra. En 1939, en Marzo, regres\u00f3 a Madrid, libre ya de la guerra. En la Residencia de Ferraz todo estaba. Con los 16 estudiantes que le quedaban, inici\u00f3 de nuevo su labor.<\/p>\n<p>    En 1940, acaso para influir mejor en los j\u00f3venes de algunos ambientes, gestiona un arreglo de su apellido (Escriv\u00e1 de Balaguer) y solicit\u00f3 la obtenci\u00f3n de un marquesado, lo que consigue con la titularidad de Marqu\u00e9s de Peralta. El edicto de consesi\u00f3n se public\u00f3 en el Bolet\u00ed\u00adn Oficial del Estado con fecha 16 de Junio de 1940.<\/p>\n<p>     En 1941, el 19 de Marzo, el Obispo de Madrid, Mons. Leopoldo Eijo y Garay, aprob\u00f3 la Sociedad del Opus Dei. El 22 de Abril falleci\u00f3 su madre. En 1942 abri\u00f3 de nuevo el primer Centro de mujeres del Opus Dei. Sus actividades se multiplicaron, sobre todo en los ambientes universitarios.<\/p>\n<p>     En 1943, el 14 de Febrero, fund\u00f3 la Hermandad Sacerdotal de la Santa Cruz, como organizaci\u00f3n coordinadora de su obra del Opus Dei. Fue la f\u00f3rmula jur\u00ed\u00addica que ide\u00f3 para contar con sus propios sacerdotes. En 1944, el 25 de Junio, recibieron la ordenaci\u00f3n sacerdotal los primeros sacerdotes del Opus Dei, entre ellos Alvaro del Portillo, colaborador inmediato.<\/p>\n<p>    En 1946, el 22 de Junio, lleg\u00f3 a Roma para impulsar la universalidad de la  Obra. El 16 de Julio fue recibido por P\u00ed\u00ado XII. En 1947 el Papa public\u00f3 la Constituci\u00f3n apost\u00f3lica \u00abProvida Mater Ecclesiae\u00bb, que acogi\u00f3 el estatus jur\u00ed\u00addico de la Obra. El 24 del mismo mes se concedi\u00f3 al Opus el Decretum Laudis, que era la aprobaci\u00f3n b\u00e1sica del grupo.<\/p>\n<p>     El 29 de Junio de 1948 se traslad\u00f3 a la Villa Tevere, residencia de la antigua Legaci\u00f3n de Hungr\u00ed\u00ada ante el Vaticano y la constituyo en sede central del Opus.<\/p>\n<p>     En 1950 comenz\u00f3 a aceptar sacerdotes diocesanos en su Organizaci\u00f3n. El 16 de Junio se recibi\u00f3 la aprobaci\u00f3n pontificia definitiva de la Obra. En 1952 inici\u00f3 la obra de la Universidad de Navarra, en la que se comprometi\u00f3 a fondo con medios y personas.<\/p>\n<p>   Desde 1960 multiplic\u00f3 los viajes por todo el mundo, a fin de animar e impulsar su Obra: M\u00e9xico, Argentina, Chile, Per\u00fa, Ecuador y Venezuela, Guatemala y otras naciones.<\/p>\n<p>     En 1975, en Mayo, visit\u00f3 el Santuario de Torreciudad, en Arag\u00f3n, y celebr\u00f3 all\u00ed\u00ad la dedicaci\u00f3n de la nueva iglesia. En Junio celebr\u00f3 un encuentro en Castelgandolfo. Regres\u00f3 a Roma indispuesto y falleci\u00f3 repentinamente al entrar en su sala de trabajo. Era el 26 de Junio de 1975. El 27 fue inhumado en la iglesia central del Opus, en Roma.<\/p>\n<p>     Fue Beatificado por Juan Pablo II el 17 de Mayo de 1992 y canonizado el 6 de Octubre de 2002 por el mismo Papa.<\/p>\n<p>     Sus escritos, divulgados por sus seguidores, fueron sobre todo op\u00fasculos de piedad y de ascesis personal: \u00abCamino\u00bb, \u00abEl Santo Rosario\u00bb, \u00abConversaciones\u00bb, \u00abEs Cristo que pasa\u00bb, \u00abAmigos de Dios\u00bb, \u00abLa Abadesa de las Huelgas\u00bb, \u00abEl V\u00ed\u00ada Crucis\u00bb, \u00abSurco\u00bb, \u00abForja\u00bb<\/p>\n<p>Pedro Chico Gonz\u00e1lez, Diccionario de Catequesis y Pedagog\u00ed\u00ada Religiosa, Editorial Bru\u00f1o, Lima, Per\u00fa 2006<\/p>\n<p><b>Fuente: Diccionario de Catequesis y Pedagog\u00eda Religiosa<\/b><\/p>\n","protected":false},"excerpt":{"rendered":"<p>[978] (1902-1975) Fundador de la Hermandad del Opus Dei en 1928. Naci\u00f3 en 1902, el 9 de Enero, en Barbastro, Espa\u00f1a. De familia sencilla, dedicada al comercio de telas, sus padres, Jos\u00e9 Escriv\u00e1 y Dolores Alb\u00e1s, le bautizaron con los nombres de Jos\u00e9, Mar\u00ed\u00ada, Juli\u00e1n, Mariano. Sus seguidores preferir\u00ed\u00adan m\u00e1s tarde esribir su nombre como &hellip; <a href=\"https:\/\/www.biblia.work\/diccionarios\/escriva-san-jose-maria\/\" class=\"more-link\">Continuar leyendo<span class=\"screen-reader-text\"> \u00abESCRIVA. SAN JOSE MARIA\u00bb<\/span><\/a><\/p>\n","protected":false},"author":1,"featured_media":0,"comment_status":"open","ping_status":"open","sticky":false,"template":"","format":"standard","meta":{"footnotes":""},"categories":[4],"tags":[],"class_list":["post-10706","post","type-post","status-publish","format-standard","hentry","category-diccionario"],"_links":{"self":[{"href":"https:\/\/www.biblia.work\/diccionarios\/wp-json\/wp\/v2\/posts\/10706","targetHints":{"allow":["GET"]}}],"collection":[{"href":"https:\/\/www.biblia.work\/diccionarios\/wp-json\/wp\/v2\/posts"}],"about":[{"href":"https:\/\/www.biblia.work\/diccionarios\/wp-json\/wp\/v2\/types\/post"}],"author":[{"embeddable":true,"href":"https:\/\/www.biblia.work\/diccionarios\/wp-json\/wp\/v2\/users\/1"}],"replies":[{"embeddable":true,"href":"https:\/\/www.biblia.work\/diccionarios\/wp-json\/wp\/v2\/comments?post=10706"}],"version-history":[{"count":0,"href":"https:\/\/www.biblia.work\/diccionarios\/wp-json\/wp\/v2\/posts\/10706\/revisions"}],"wp:attachment":[{"href":"https:\/\/www.biblia.work\/diccionarios\/wp-json\/wp\/v2\/media?parent=10706"}],"wp:term":[{"taxonomy":"category","embeddable":true,"href":"https:\/\/www.biblia.work\/diccionarios\/wp-json\/wp\/v2\/categories?post=10706"},{"taxonomy":"post_tag","embeddable":true,"href":"https:\/\/www.biblia.work\/diccionarios\/wp-json\/wp\/v2\/tags?post=10706"}],"curies":[{"name":"wp","href":"https:\/\/api.w.org\/{rel}","templated":true}]}}