{"id":10837,"date":"2016-02-05T07:39:58","date_gmt":"2016-02-05T12:39:58","guid":{"rendered":"http:\/\/www.biblia.work\/diccionarios\/falloux-federico\/"},"modified":"2016-02-05T07:39:58","modified_gmt":"2016-02-05T12:39:58","slug":"falloux-federico","status":"publish","type":"post","link":"https:\/\/www.biblia.work\/diccionarios\/falloux-federico\/","title":{"rendered":"FALLOUX. FEDERICO"},"content":{"rendered":"<p>[966](1811-1886)<\/p>\n<p>    El conde de Fallou fue historiador y pol\u00ed\u00adtico, promotor de la cultura libre en Francia y partidario de la libertad y de la iniciativa privada.<\/p>\n<p>   Despu\u00e9s de la revoluci\u00f3n de 1848, fue Ministro de Instrucci\u00f3n p\u00fablica\u00bb de 1848 a 1849 y le dio tiempo a preparar la ley que ya se aprob\u00f3 cuando vino la reacci\u00f3n del Segundo Imperio.<\/p>\n<p>    La llamada Ley Fallou, del 15 de Mayo de 1850, se mantuvo de una u otra forma en la segunda mitad del siglo XIX en Francia. Estaba inspirada en los valores de la libertad de ense\u00f1anza, del progreso pedag\u00f3gico y de la socializaci\u00f3n educativa, que deber\u00ed\u00adan llegar, seg\u00fan su pensamiento, a todos los ciudadanos y deb\u00ed\u00adan desarrollarse como colaboraci\u00f3n entre todas las fuerzas vida de la comunidad nacional.<\/p>\n<p>   Su ley fue muy beneficiosa para los movimientos de educaci\u00f3n religiosa de las Instituciones religiosas que surg\u00ed\u00adan en Francia desde la restauraci\u00f3n. Evitaba la estatalizaci\u00f3n de la educaci\u00f3n impuesta por Napole\u00f3n y se mostraba prudente y respetuosa con las iniciativas de la Iglesia cat\u00f3lica y de las dem\u00e1s confesiones religiosas.<\/p>\n<p>Pedro Chico Gonz\u00e1lez, Diccionario de Catequesis y Pedagog\u00ed\u00ada Religiosa, Editorial Bru\u00f1o, Lima, Per\u00fa 2006<\/p>\n<p><b>Fuente: Diccionario de Catequesis y Pedagog\u00eda Religiosa<\/b><\/p>\n","protected":false},"excerpt":{"rendered":"<p>[966](1811-1886) El conde de Fallou fue historiador y pol\u00ed\u00adtico, promotor de la cultura libre en Francia y partidario de la libertad y de la iniciativa privada. Despu\u00e9s de la revoluci\u00f3n de 1848, fue Ministro de Instrucci\u00f3n p\u00fablica\u00bb de 1848 a 1849 y le dio tiempo a preparar la ley que ya se aprob\u00f3 cuando vino &hellip; <a href=\"https:\/\/www.biblia.work\/diccionarios\/falloux-federico\/\" class=\"more-link\">Continuar leyendo<span class=\"screen-reader-text\"> \u00abFALLOUX. FEDERICO\u00bb<\/span><\/a><\/p>\n","protected":false},"author":1,"featured_media":0,"comment_status":"open","ping_status":"open","sticky":false,"template":"","format":"standard","meta":{"footnotes":""},"categories":[4],"tags":[],"class_list":["post-10837","post","type-post","status-publish","format-standard","hentry","category-diccionario"],"_links":{"self":[{"href":"https:\/\/www.biblia.work\/diccionarios\/wp-json\/wp\/v2\/posts\/10837","targetHints":{"allow":["GET"]}}],"collection":[{"href":"https:\/\/www.biblia.work\/diccionarios\/wp-json\/wp\/v2\/posts"}],"about":[{"href":"https:\/\/www.biblia.work\/diccionarios\/wp-json\/wp\/v2\/types\/post"}],"author":[{"embeddable":true,"href":"https:\/\/www.biblia.work\/diccionarios\/wp-json\/wp\/v2\/users\/1"}],"replies":[{"embeddable":true,"href":"https:\/\/www.biblia.work\/diccionarios\/wp-json\/wp\/v2\/comments?post=10837"}],"version-history":[{"count":0,"href":"https:\/\/www.biblia.work\/diccionarios\/wp-json\/wp\/v2\/posts\/10837\/revisions"}],"wp:attachment":[{"href":"https:\/\/www.biblia.work\/diccionarios\/wp-json\/wp\/v2\/media?parent=10837"}],"wp:term":[{"taxonomy":"category","embeddable":true,"href":"https:\/\/www.biblia.work\/diccionarios\/wp-json\/wp\/v2\/categories?post=10837"},{"taxonomy":"post_tag","embeddable":true,"href":"https:\/\/www.biblia.work\/diccionarios\/wp-json\/wp\/v2\/tags?post=10837"}],"curies":[{"name":"wp","href":"https:\/\/api.w.org\/{rel}","templated":true}]}}