{"id":10853,"date":"2016-02-05T07:40:27","date_gmt":"2016-02-05T12:40:27","guid":{"rendered":"http:\/\/www.biblia.work\/diccionarios\/faure-pierre\/"},"modified":"2016-02-05T07:40:27","modified_gmt":"2016-02-05T12:40:27","slug":"faure-pierre","status":"publish","type":"post","link":"https:\/\/www.biblia.work\/diccionarios\/faure-pierre\/","title":{"rendered":"FAURE. PIERRE"},"content":{"rendered":"<p>[974](1904-1988)<\/p>\n<p>    Jesuita franc\u00e9s que trabajo en el movimiento de la educaci\u00f3n personalizada que se extendi\u00f3 en lugares de Francia Italia y Espa\u00f1a en los a\u00f1os sesenta y setenta. En 1938 cre\u00f3 un \u00abCentro de Estudios Pedag\u00f3gicos (CEP) y en 1945 inici\u00f3 la revista \u00abPedagog\u00ed\u00ada\u00bb cuya vida dur\u00f3 tres decenios y en la cual escribi\u00f3 art\u00ed\u00adculos con frecuencia.<\/p>\n<p>    Algunos de sus libros, \u00abLa Escuela y la ciudad\u00bb, \u00abEn el siglo del ni\u00f1o\u00bb o \u00abUna ense\u00f1anza personalizada y comunitaria\u00bb, tuvieron bastante influencia en determinados grupos y movimientos pedag\u00f3gicos cat\u00f3licos.<\/p>\n<p>    Las notas de su estilo pedag\u00f3gico se pueden sintetizar en valorar el trabajo individual sin renunciar al colectivo, en ordenar el aula en funci\u00f3n de una actividad responsable y compartida, en promocionar una eficacia apoyada en la reflexi\u00f3n. Minucioso en su metodolog\u00ed\u00ada y exigente en la claridad de objetivos en el educador, su forma docente m\u00e1s que un m\u00e9todo fue un estilo de relaci\u00f3n y una forma de animaci\u00f3n personal para el trabajo educador.  (Ver Personalismo)<\/p>\n<p>Pedro Chico Gonz\u00e1lez, Diccionario de Catequesis y Pedagog\u00ed\u00ada Religiosa, Editorial Bru\u00f1o, Lima, Per\u00fa 2006<\/p>\n<p><b>Fuente: Diccionario de Catequesis y Pedagog\u00eda Religiosa<\/b><\/p>\n","protected":false},"excerpt":{"rendered":"<p>[974](1904-1988) Jesuita franc\u00e9s que trabajo en el movimiento de la educaci\u00f3n personalizada que se extendi\u00f3 en lugares de Francia Italia y Espa\u00f1a en los a\u00f1os sesenta y setenta. En 1938 cre\u00f3 un \u00abCentro de Estudios Pedag\u00f3gicos (CEP) y en 1945 inici\u00f3 la revista \u00abPedagog\u00ed\u00ada\u00bb cuya vida dur\u00f3 tres decenios y en la cual escribi\u00f3 art\u00ed\u00adculos &hellip; <a href=\"https:\/\/www.biblia.work\/diccionarios\/faure-pierre\/\" class=\"more-link\">Continuar leyendo<span class=\"screen-reader-text\"> \u00abFAURE. PIERRE\u00bb<\/span><\/a><\/p>\n","protected":false},"author":1,"featured_media":0,"comment_status":"open","ping_status":"open","sticky":false,"template":"","format":"standard","meta":{"footnotes":""},"categories":[4],"tags":[],"class_list":["post-10853","post","type-post","status-publish","format-standard","hentry","category-diccionario"],"_links":{"self":[{"href":"https:\/\/www.biblia.work\/diccionarios\/wp-json\/wp\/v2\/posts\/10853","targetHints":{"allow":["GET"]}}],"collection":[{"href":"https:\/\/www.biblia.work\/diccionarios\/wp-json\/wp\/v2\/posts"}],"about":[{"href":"https:\/\/www.biblia.work\/diccionarios\/wp-json\/wp\/v2\/types\/post"}],"author":[{"embeddable":true,"href":"https:\/\/www.biblia.work\/diccionarios\/wp-json\/wp\/v2\/users\/1"}],"replies":[{"embeddable":true,"href":"https:\/\/www.biblia.work\/diccionarios\/wp-json\/wp\/v2\/comments?post=10853"}],"version-history":[{"count":0,"href":"https:\/\/www.biblia.work\/diccionarios\/wp-json\/wp\/v2\/posts\/10853\/revisions"}],"wp:attachment":[{"href":"https:\/\/www.biblia.work\/diccionarios\/wp-json\/wp\/v2\/media?parent=10853"}],"wp:term":[{"taxonomy":"category","embeddable":true,"href":"https:\/\/www.biblia.work\/diccionarios\/wp-json\/wp\/v2\/categories?post=10853"},{"taxonomy":"post_tag","embeddable":true,"href":"https:\/\/www.biblia.work\/diccionarios\/wp-json\/wp\/v2\/tags?post=10853"}],"curies":[{"name":"wp","href":"https:\/\/api.w.org\/{rel}","templated":true}]}}