{"id":10857,"date":"2016-02-05T07:40:35","date_gmt":"2016-02-05T12:40:35","guid":{"rendered":"http:\/\/www.biblia.work\/diccionarios\/febres-cordero-s-miguel\/"},"modified":"2016-02-05T07:40:35","modified_gmt":"2016-02-05T12:40:35","slug":"febres-cordero-s-miguel","status":"publish","type":"post","link":"https:\/\/www.biblia.work\/diccionarios\/febres-cordero-s-miguel\/","title":{"rendered":"FEBRES CORDERO. S. MIGUEL"},"content":{"rendered":"<p>[971]<\/p>\n<p>     Santo ecuatoriano perteneciente al Instituto de Hermanos de las Escuelas Cristianas, acad\u00e9mico, escritor selecto, catequista admirable.<\/p>\n<p>     Naci\u00f3 en Cuenca de familia distinguida. Ingres\u00f3 en el Instituto de San Juan Bta. de la Salle contra la voluntad de su padre. Ejerci\u00f3 la docencia en Quito. A los 20 a\u00f1os ya compuso una interesante Gram\u00e1tica Espa\u00f1ola. Luego multiplico sus obras escolares: Curso de contabilidad, Elementos de Literatura. Nociones de Geometr\u00ed\u00ada Rudimentos de Gram\u00e1tica y as\u00ed\u00ad hasta m\u00e1s de 50.<\/p>\n<p>    En 1888 fue enviado a Europa y asisti\u00f3 a la beatificaci\u00f3n de su Fundador Juan Bta. De La Salle. De 1896 a 1905 fue Director del Noviciado de Quito.<\/p>\n<p>     De nuevo fue enviado a Europa en 1907 y residi\u00f3 en Par\u00ed\u00ads, B\u00e9lgica y luego en Premi\u00e1 de Mar, cerca de Barcelona, donde falleci\u00f3 en 1910. Sus trabajos en la poes\u00ed\u00ada, en las letras y m\u00fasicas de c\u00e1nticos religiosos y catequ\u00ed\u00adsticos, y en diversos campos relacionados con la educaci\u00f3n religiosa, fueron constantes y le acreditaron como excelente catequista y educador al mismo tiempo como fino literato, creativo, original, que le merecieron distinciones y honores en su pa\u00ed\u00ads.<\/p>\n<p>    Iniciada su causa de Beatificaci\u00f3n en Quito, fue llevado a los altares por Juan Pablo II el 30 de Abril de 1977 y canonizado el 21 de Octubre de 1984.<\/p>\n<p>Pedro Chico Gonz\u00e1lez, Diccionario de Catequesis y Pedagog\u00ed\u00ada Religiosa, Editorial Bru\u00f1o, Lima, Per\u00fa 2006<\/p>\n<p><b>Fuente: Diccionario de Catequesis y Pedagog\u00eda Religiosa<\/b><\/p>\n","protected":false},"excerpt":{"rendered":"<p>[971] Santo ecuatoriano perteneciente al Instituto de Hermanos de las Escuelas Cristianas, acad\u00e9mico, escritor selecto, catequista admirable. Naci\u00f3 en Cuenca de familia distinguida. Ingres\u00f3 en el Instituto de San Juan Bta. de la Salle contra la voluntad de su padre. Ejerci\u00f3 la docencia en Quito. A los 20 a\u00f1os ya compuso una interesante Gram\u00e1tica Espa\u00f1ola. &hellip; <a href=\"https:\/\/www.biblia.work\/diccionarios\/febres-cordero-s-miguel\/\" class=\"more-link\">Continuar leyendo<span class=\"screen-reader-text\"> \u00abFEBRES CORDERO. S. MIGUEL\u00bb<\/span><\/a><\/p>\n","protected":false},"author":1,"featured_media":0,"comment_status":"open","ping_status":"open","sticky":false,"template":"","format":"standard","meta":{"footnotes":""},"categories":[4],"tags":[],"class_list":["post-10857","post","type-post","status-publish","format-standard","hentry","category-diccionario"],"_links":{"self":[{"href":"https:\/\/www.biblia.work\/diccionarios\/wp-json\/wp\/v2\/posts\/10857","targetHints":{"allow":["GET"]}}],"collection":[{"href":"https:\/\/www.biblia.work\/diccionarios\/wp-json\/wp\/v2\/posts"}],"about":[{"href":"https:\/\/www.biblia.work\/diccionarios\/wp-json\/wp\/v2\/types\/post"}],"author":[{"embeddable":true,"href":"https:\/\/www.biblia.work\/diccionarios\/wp-json\/wp\/v2\/users\/1"}],"replies":[{"embeddable":true,"href":"https:\/\/www.biblia.work\/diccionarios\/wp-json\/wp\/v2\/comments?post=10857"}],"version-history":[{"count":0,"href":"https:\/\/www.biblia.work\/diccionarios\/wp-json\/wp\/v2\/posts\/10857\/revisions"}],"wp:attachment":[{"href":"https:\/\/www.biblia.work\/diccionarios\/wp-json\/wp\/v2\/media?parent=10857"}],"wp:term":[{"taxonomy":"category","embeddable":true,"href":"https:\/\/www.biblia.work\/diccionarios\/wp-json\/wp\/v2\/categories?post=10857"},{"taxonomy":"post_tag","embeddable":true,"href":"https:\/\/www.biblia.work\/diccionarios\/wp-json\/wp\/v2\/tags?post=10857"}],"curies":[{"name":"wp","href":"https:\/\/api.w.org\/{rel}","templated":true}]}}