{"id":10862,"date":"2016-02-05T07:40:43","date_gmt":"2016-02-05T12:40:43","guid":{"rendered":"http:\/\/www.biblia.work\/diccionarios\/feijoo-benito\/"},"modified":"2016-02-05T07:40:43","modified_gmt":"2016-02-05T12:40:43","slug":"feijoo-benito","status":"publish","type":"post","link":"https:\/\/www.biblia.work\/diccionarios\/feijoo-benito\/","title":{"rendered":"FEIJOO. BENITO"},"content":{"rendered":"<p>[967] (1676-1764)<\/p>\n<p>     Escritor fecundo espa\u00f1ol, perteneciente a la Orden benedictina y representante del movimiento literario de la ilustraci\u00f3n espa\u00f1ola.  De gran erudici\u00f3n y esp\u00ed\u00adritu cr\u00ed\u00adtico escribi\u00f3 voluminosas obra como \u00abTeatro Cr\u00ed\u00adtico espa\u00f1ol\u00bb (9 vol\u00famenes) y \u00abCartas eruditas y curiosas\u00bb (5 vol\u00famenes).<\/p>\n<p>     Cr\u00ed\u00adtico de las supersticiones y creencias populares y promotor de una actitud reflexiva y cient\u00ed\u00adfica ante los fen\u00f3menos de la ciencia y ante los hechos de la historia, fue objeto de muchas cr\u00ed\u00adticas que hubieron de ser prohibidas por Fernando VI en una pragm\u00e1tica (decreto). El mismo escribi\u00f3 autodefensas, como su \u00abIlustraci\u00f3n apolog\u00e9tica\u00bb en 1729 y \u00abJusta repulsa de inicuas acusaciones\u00bb en 1749.<\/p>\n<p>Pedro Chico Gonz\u00e1lez, Diccionario de Catequesis y Pedagog\u00ed\u00ada Religiosa, Editorial Bru\u00f1o, Lima, Per\u00fa 2006<\/p>\n<p><b>Fuente: Diccionario de Catequesis y Pedagog\u00eda Religiosa<\/b><\/p>\n","protected":false},"excerpt":{"rendered":"<p>[967] (1676-1764) Escritor fecundo espa\u00f1ol, perteneciente a la Orden benedictina y representante del movimiento literario de la ilustraci\u00f3n espa\u00f1ola. De gran erudici\u00f3n y esp\u00ed\u00adritu cr\u00ed\u00adtico escribi\u00f3 voluminosas obra como \u00abTeatro Cr\u00ed\u00adtico espa\u00f1ol\u00bb (9 vol\u00famenes) y \u00abCartas eruditas y curiosas\u00bb (5 vol\u00famenes). Cr\u00ed\u00adtico de las supersticiones y creencias populares y promotor de una actitud reflexiva y &hellip; <a href=\"https:\/\/www.biblia.work\/diccionarios\/feijoo-benito\/\" class=\"more-link\">Continuar leyendo<span class=\"screen-reader-text\"> \u00abFEIJOO. BENITO\u00bb<\/span><\/a><\/p>\n","protected":false},"author":1,"featured_media":0,"comment_status":"open","ping_status":"open","sticky":false,"template":"","format":"standard","meta":{"footnotes":""},"categories":[4],"tags":[],"class_list":["post-10862","post","type-post","status-publish","format-standard","hentry","category-diccionario"],"_links":{"self":[{"href":"https:\/\/www.biblia.work\/diccionarios\/wp-json\/wp\/v2\/posts\/10862","targetHints":{"allow":["GET"]}}],"collection":[{"href":"https:\/\/www.biblia.work\/diccionarios\/wp-json\/wp\/v2\/posts"}],"about":[{"href":"https:\/\/www.biblia.work\/diccionarios\/wp-json\/wp\/v2\/types\/post"}],"author":[{"embeddable":true,"href":"https:\/\/www.biblia.work\/diccionarios\/wp-json\/wp\/v2\/users\/1"}],"replies":[{"embeddable":true,"href":"https:\/\/www.biblia.work\/diccionarios\/wp-json\/wp\/v2\/comments?post=10862"}],"version-history":[{"count":0,"href":"https:\/\/www.biblia.work\/diccionarios\/wp-json\/wp\/v2\/posts\/10862\/revisions"}],"wp:attachment":[{"href":"https:\/\/www.biblia.work\/diccionarios\/wp-json\/wp\/v2\/media?parent=10862"}],"wp:term":[{"taxonomy":"category","embeddable":true,"href":"https:\/\/www.biblia.work\/diccionarios\/wp-json\/wp\/v2\/categories?post=10862"},{"taxonomy":"post_tag","embeddable":true,"href":"https:\/\/www.biblia.work\/diccionarios\/wp-json\/wp\/v2\/tags?post=10862"}],"curies":[{"name":"wp","href":"https:\/\/api.w.org\/{rel}","templated":true}]}}