{"id":10863,"date":"2016-02-05T07:40:46","date_gmt":"2016-02-05T12:40:46","guid":{"rendered":"http:\/\/www.biblia.work\/diccionarios\/felberg-ignaz-von\/"},"modified":"2016-02-05T07:40:46","modified_gmt":"2016-02-05T12:40:46","slug":"felberg-ignaz-von","status":"publish","type":"post","link":"https:\/\/www.biblia.work\/diccionarios\/felberg-ignaz-von\/","title":{"rendered":"FELBERG. IGNAZ VON"},"content":{"rendered":"<p>[967] (1724-1788)<\/p>\n<p>      Abad de los Can\u00f3nigos regulares de S. Agust\u00ed\u00adn, que fue encargado de la educaci\u00f3n de centros cat\u00f3licos en su regi\u00f3n de la Silesia. Reform\u00f3 las escuelas de la Iglesia para hacerlas capaces de competir con los centros de los protestantes y organiz\u00f3 planes de formaci\u00f3n de los educadores para hacerlos m\u00e1s conscientes del valor de la educaci\u00f3n escolar.<\/p>\n<p>    Prepar\u00f3 y estudi\u00f3 varios m\u00e9todos catequ\u00ed\u00adsticos, como el \u00abm\u00e9todo Sagan\u00bb, y plasm\u00f3 sus estudios en diversos tratados metodol\u00f3gicos: \u00abManual de metodolog\u00ed\u00ada de la ense\u00f1anza escolar\u00bb y \u00abM\u00e9todo de la catequesis\u00bb. Resalto una fuerte preocupaci\u00f3n por la psicolog\u00ed\u00ada del catequizando, haciendo de la memoria la base hasta los siete a\u00f1os, la reflexi\u00f3n la gu\u00ed\u00ada entre los 7 y 10 a\u00f1os y la acci\u00f3n en los a\u00f1os siguientes.<\/p>\n<p>    Promovi\u00f3 el c\u00e1ntico catequ\u00ed\u00adstico como metodolog\u00ed\u00ada agradable, el hecho b\u00ed\u00adblico como apoyo a la atenci\u00f3n, el inter\u00e9s como motor de la memoria, de la reflexi\u00f3n y de la actividad.<\/p>\n<p>Pedro Chico Gonz\u00e1lez, Diccionario de Catequesis y Pedagog\u00ed\u00ada Religiosa, Editorial Bru\u00f1o, Lima, Per\u00fa 2006<\/p>\n<p><b>Fuente: Diccionario de Catequesis y Pedagog\u00eda Religiosa<\/b><\/p>\n","protected":false},"excerpt":{"rendered":"<p>[967] (1724-1788) Abad de los Can\u00f3nigos regulares de S. Agust\u00ed\u00adn, que fue encargado de la educaci\u00f3n de centros cat\u00f3licos en su regi\u00f3n de la Silesia. Reform\u00f3 las escuelas de la Iglesia para hacerlas capaces de competir con los centros de los protestantes y organiz\u00f3 planes de formaci\u00f3n de los educadores para hacerlos m\u00e1s conscientes del &hellip; <a href=\"https:\/\/www.biblia.work\/diccionarios\/felberg-ignaz-von\/\" class=\"more-link\">Continuar leyendo<span class=\"screen-reader-text\"> \u00abFELBERG. IGNAZ VON\u00bb<\/span><\/a><\/p>\n","protected":false},"author":1,"featured_media":0,"comment_status":"open","ping_status":"open","sticky":false,"template":"","format":"standard","meta":{"footnotes":""},"categories":[4],"tags":[],"class_list":["post-10863","post","type-post","status-publish","format-standard","hentry","category-diccionario"],"_links":{"self":[{"href":"https:\/\/www.biblia.work\/diccionarios\/wp-json\/wp\/v2\/posts\/10863","targetHints":{"allow":["GET"]}}],"collection":[{"href":"https:\/\/www.biblia.work\/diccionarios\/wp-json\/wp\/v2\/posts"}],"about":[{"href":"https:\/\/www.biblia.work\/diccionarios\/wp-json\/wp\/v2\/types\/post"}],"author":[{"embeddable":true,"href":"https:\/\/www.biblia.work\/diccionarios\/wp-json\/wp\/v2\/users\/1"}],"replies":[{"embeddable":true,"href":"https:\/\/www.biblia.work\/diccionarios\/wp-json\/wp\/v2\/comments?post=10863"}],"version-history":[{"count":0,"href":"https:\/\/www.biblia.work\/diccionarios\/wp-json\/wp\/v2\/posts\/10863\/revisions"}],"wp:attachment":[{"href":"https:\/\/www.biblia.work\/diccionarios\/wp-json\/wp\/v2\/media?parent=10863"}],"wp:term":[{"taxonomy":"category","embeddable":true,"href":"https:\/\/www.biblia.work\/diccionarios\/wp-json\/wp\/v2\/categories?post=10863"},{"taxonomy":"post_tag","embeddable":true,"href":"https:\/\/www.biblia.work\/diccionarios\/wp-json\/wp\/v2\/tags?post=10863"}],"curies":[{"name":"wp","href":"https:\/\/api.w.org\/{rel}","templated":true}]}}