{"id":10921,"date":"2016-02-05T07:42:32","date_gmt":"2016-02-05T12:42:32","guid":{"rendered":"http:\/\/www.biblia.work\/diccionarios\/flamenco-arte\/"},"modified":"2016-02-05T07:42:32","modified_gmt":"2016-02-05T12:42:32","slug":"flamenco-arte","status":"publish","type":"post","link":"https:\/\/www.biblia.work\/diccionarios\/flamenco-arte\/","title":{"rendered":"FLAMENCO. ARTE"},"content":{"rendered":"<p>[950]<\/p>\n<p>     En referencia topogr\u00e1fica a Flandes, se extendi\u00f3 el gentilicio flamenco. En la monarqu\u00ed\u00ada de los Austrias, por el origen de nacimiento de Carlos V, el arte flamenco tuvo una difusi\u00f3n grande y la difusi\u00f3n de sus rasgos constituy\u00f3 un hecho art\u00ed\u00adstico significativo.<\/p>\n<p>     El arte flamenco en arquitectura se convierte en una forma de lo g\u00f3tico, lo flam\u00ed\u00adgero, y se ornamenta con agujas y graciosas siluetas.<\/p>\n<p>     En la escultura se dise\u00f1an los productos art\u00ed\u00adsticos con formas alargadas, siluetadas, gracias al tallado de la piedra o del metal.<\/p>\n<p>     Y en lo pict\u00f3rico es donde las tablas flamencas m\u00e1s resaltan por su colorido discreto y reflejo de una profundidad singular y de una serenidad admirable.<\/p>\n<p>    Autores como Jan van Eyck con pol\u00ed\u00adpticos, como el \u00abCordero M\u00ed\u00adstico\u00bb, inician la escuela flamenca, que se har\u00e1 internacional con las producciones de Roger van der Weyden y Hans Memling, entre otras grandes figuras.<\/p>\n<p>Pedro Chico Gonz\u00e1lez, Diccionario de Catequesis y Pedagog\u00ed\u00ada Religiosa, Editorial Bru\u00f1o, Lima, Per\u00fa 2006<\/p>\n<p><b>Fuente: Diccionario de Catequesis y Pedagog\u00eda Religiosa<\/b><\/p>\n","protected":false},"excerpt":{"rendered":"<p>[950] En referencia topogr\u00e1fica a Flandes, se extendi\u00f3 el gentilicio flamenco. En la monarqu\u00ed\u00ada de los Austrias, por el origen de nacimiento de Carlos V, el arte flamenco tuvo una difusi\u00f3n grande y la difusi\u00f3n de sus rasgos constituy\u00f3 un hecho art\u00ed\u00adstico significativo. El arte flamenco en arquitectura se convierte en una forma de lo &hellip; <a href=\"https:\/\/www.biblia.work\/diccionarios\/flamenco-arte\/\" class=\"more-link\">Continuar leyendo<span class=\"screen-reader-text\"> \u00abFLAMENCO. ARTE\u00bb<\/span><\/a><\/p>\n","protected":false},"author":1,"featured_media":0,"comment_status":"open","ping_status":"open","sticky":false,"template":"","format":"standard","meta":{"footnotes":""},"categories":[4],"tags":[],"class_list":["post-10921","post","type-post","status-publish","format-standard","hentry","category-diccionario"],"_links":{"self":[{"href":"https:\/\/www.biblia.work\/diccionarios\/wp-json\/wp\/v2\/posts\/10921","targetHints":{"allow":["GET"]}}],"collection":[{"href":"https:\/\/www.biblia.work\/diccionarios\/wp-json\/wp\/v2\/posts"}],"about":[{"href":"https:\/\/www.biblia.work\/diccionarios\/wp-json\/wp\/v2\/types\/post"}],"author":[{"embeddable":true,"href":"https:\/\/www.biblia.work\/diccionarios\/wp-json\/wp\/v2\/users\/1"}],"replies":[{"embeddable":true,"href":"https:\/\/www.biblia.work\/diccionarios\/wp-json\/wp\/v2\/comments?post=10921"}],"version-history":[{"count":0,"href":"https:\/\/www.biblia.work\/diccionarios\/wp-json\/wp\/v2\/posts\/10921\/revisions"}],"wp:attachment":[{"href":"https:\/\/www.biblia.work\/diccionarios\/wp-json\/wp\/v2\/media?parent=10921"}],"wp:term":[{"taxonomy":"category","embeddable":true,"href":"https:\/\/www.biblia.work\/diccionarios\/wp-json\/wp\/v2\/categories?post=10921"},{"taxonomy":"post_tag","embeddable":true,"href":"https:\/\/www.biblia.work\/diccionarios\/wp-json\/wp\/v2\/tags?post=10921"}],"curies":[{"name":"wp","href":"https:\/\/api.w.org\/{rel}","templated":true}]}}