{"id":10922,"date":"2016-02-05T07:42:35","date_gmt":"2016-02-05T12:42:35","guid":{"rendered":"http:\/\/www.biblia.work\/diccionarios\/flaviano-de-constantinopla-san\/"},"modified":"2016-02-05T07:42:35","modified_gmt":"2016-02-05T12:42:35","slug":"flaviano-de-constantinopla-san","status":"publish","type":"post","link":"https:\/\/www.biblia.work\/diccionarios\/flaviano-de-constantinopla-san\/","title":{"rendered":"FLAVIANO DE CONSTANTINOPLA. SAN"},"content":{"rendered":"<p>[924] (+ 449)<\/p>\n<p>     La tradici\u00f3n le considera m\u00e1rtir, pues fue el Patriarca de Constantinopla despojado y perseguido en el llamado por el Papa Le\u00f3n I, \u00abLatrocinio de Efeso\u00bb en Agosto del 449<br \/>\n    En el Concili\u00e1bulo celebrado por orden del Teodosio Emperador, los monofisitas, seguidores de Eutiques, se le opusieron violentamente ante la decisi\u00f3n de no aceptar sus proposiciones her\u00e9ticas (que exig\u00ed\u00adan reconocer en Jes\u00fas una sola naturaleza). Encerrado en l\u00fagubre celda de monasterio por Di\u00f3scoro de Alejandr\u00ed\u00ada, presidente del Concili\u00e1bulo nombrado por el Emperador, muri\u00f3 a los tres d\u00ed\u00adas debido a los malos tratos.<\/p>\n<p>    Muerto el Emperador, su esposa y sucesora Pulqueria hizo trasladar honor\u00ed\u00adficamente sus restos al sepulcro de los Obispos de la ciudad. Se conserva de \u00e9l la carta dogm\u00e1tica dirigida al Papa el 13 de Junio de 449.<\/p>\n<p>Pedro Chico Gonz\u00e1lez, Diccionario de Catequesis y Pedagog\u00ed\u00ada Religiosa, Editorial Bru\u00f1o, Lima, Per\u00fa 2006<\/p>\n<p><b>Fuente: Diccionario de Catequesis y Pedagog\u00eda Religiosa<\/b><\/p>\n","protected":false},"excerpt":{"rendered":"<p>[924] (+ 449) La tradici\u00f3n le considera m\u00e1rtir, pues fue el Patriarca de Constantinopla despojado y perseguido en el llamado por el Papa Le\u00f3n I, \u00abLatrocinio de Efeso\u00bb en Agosto del 449 En el Concili\u00e1bulo celebrado por orden del Teodosio Emperador, los monofisitas, seguidores de Eutiques, se le opusieron violentamente ante la decisi\u00f3n de no &hellip; <a href=\"https:\/\/www.biblia.work\/diccionarios\/flaviano-de-constantinopla-san\/\" class=\"more-link\">Continuar leyendo<span class=\"screen-reader-text\"> \u00abFLAVIANO DE CONSTANTINOPLA. SAN\u00bb<\/span><\/a><\/p>\n","protected":false},"author":1,"featured_media":0,"comment_status":"open","ping_status":"open","sticky":false,"template":"","format":"standard","meta":{"footnotes":""},"categories":[4],"tags":[],"class_list":["post-10922","post","type-post","status-publish","format-standard","hentry","category-diccionario"],"_links":{"self":[{"href":"https:\/\/www.biblia.work\/diccionarios\/wp-json\/wp\/v2\/posts\/10922","targetHints":{"allow":["GET"]}}],"collection":[{"href":"https:\/\/www.biblia.work\/diccionarios\/wp-json\/wp\/v2\/posts"}],"about":[{"href":"https:\/\/www.biblia.work\/diccionarios\/wp-json\/wp\/v2\/types\/post"}],"author":[{"embeddable":true,"href":"https:\/\/www.biblia.work\/diccionarios\/wp-json\/wp\/v2\/users\/1"}],"replies":[{"embeddable":true,"href":"https:\/\/www.biblia.work\/diccionarios\/wp-json\/wp\/v2\/comments?post=10922"}],"version-history":[{"count":0,"href":"https:\/\/www.biblia.work\/diccionarios\/wp-json\/wp\/v2\/posts\/10922\/revisions"}],"wp:attachment":[{"href":"https:\/\/www.biblia.work\/diccionarios\/wp-json\/wp\/v2\/media?parent=10922"}],"wp:term":[{"taxonomy":"category","embeddable":true,"href":"https:\/\/www.biblia.work\/diccionarios\/wp-json\/wp\/v2\/categories?post=10922"},{"taxonomy":"post_tag","embeddable":true,"href":"https:\/\/www.biblia.work\/diccionarios\/wp-json\/wp\/v2\/tags?post=10922"}],"curies":[{"name":"wp","href":"https:\/\/api.w.org\/{rel}","templated":true}]}}