{"id":11078,"date":"2016-02-05T07:47:19","date_gmt":"2016-02-05T12:47:19","guid":{"rendered":"http:\/\/www.biblia.work\/diccionarios\/gentile-giovanni\/"},"modified":"2016-02-05T07:47:19","modified_gmt":"2016-02-05T12:47:19","slug":"gentile-giovanni","status":"publish","type":"post","link":"https:\/\/www.biblia.work\/diccionarios\/gentile-giovanni\/","title":{"rendered":"GENTILE. GIOVANNI"},"content":{"rendered":"<p>[971](1875-1944)<\/p>\n<p>    Pensador y pedagogo italiano, profesor de las Universidades de Pisa, Palermo y Roma, pol\u00ed\u00adtico y ministro de educaci\u00f3n con el fascismo, que tuvo resonancia especial a mediados del siglo XX. Su pensamiento neoidealista, influido por Hegel, orient\u00f3 la reforma escolar antipositivista y human\u00ed\u00adstica de Italia con planteamientos cercanos a la dial\u00e9ctica, pero m\u00e1s moderados que los extremismos germanos del nacismo. Resalt\u00f3 los valores de la personalidad, la autoconciencia y la responsabilidad propia en la tarea educadora. Dio valor al esfuerzo personal y a metodolog\u00ed\u00adas comprometedoras de la acci\u00f3n eficaz y no s\u00f3lo de la repetici\u00f3n y del aprendizaje mec\u00e1nico.<\/p>\n<p>    No rechaz\u00f3 la formaci\u00f3n religiosa aunque la redujo a sus dimensiones culturales, relegando lo estrictamente espiritual para el fuero interno de la conciencia personal. Algunos de sus libros, \u00abSumario de Pedagog\u00ed\u00ada como ciencia filos\u00f3fica\u00bb, \u00abSistema de l\u00f3gica como ciencia del conocerse\u00bb, y \u00abEducaci\u00f3n y escuela laica\u00bb, marcaron las l\u00ed\u00adneas de la pedagog\u00ed\u00ada del fascismo, dominante en la Italia anterior a la Guerra mundial.<\/p>\n<p>Pedro Chico Gonz\u00e1lez, Diccionario de Catequesis y Pedagog\u00ed\u00ada Religiosa, Editorial Bru\u00f1o, Lima, Per\u00fa 2006<\/p>\n<p><b>Fuente: Diccionario de Catequesis y Pedagog\u00eda Religiosa<\/b><\/p>\n","protected":false},"excerpt":{"rendered":"<p>[971](1875-1944) Pensador y pedagogo italiano, profesor de las Universidades de Pisa, Palermo y Roma, pol\u00ed\u00adtico y ministro de educaci\u00f3n con el fascismo, que tuvo resonancia especial a mediados del siglo XX. Su pensamiento neoidealista, influido por Hegel, orient\u00f3 la reforma escolar antipositivista y human\u00ed\u00adstica de Italia con planteamientos cercanos a la dial\u00e9ctica, pero m\u00e1s moderados &hellip; <a href=\"https:\/\/www.biblia.work\/diccionarios\/gentile-giovanni\/\" class=\"more-link\">Continuar leyendo<span class=\"screen-reader-text\"> \u00abGENTILE. GIOVANNI\u00bb<\/span><\/a><\/p>\n","protected":false},"author":1,"featured_media":0,"comment_status":"open","ping_status":"open","sticky":false,"template":"","format":"standard","meta":{"footnotes":""},"categories":[4],"tags":[],"class_list":["post-11078","post","type-post","status-publish","format-standard","hentry","category-diccionario"],"_links":{"self":[{"href":"https:\/\/www.biblia.work\/diccionarios\/wp-json\/wp\/v2\/posts\/11078","targetHints":{"allow":["GET"]}}],"collection":[{"href":"https:\/\/www.biblia.work\/diccionarios\/wp-json\/wp\/v2\/posts"}],"about":[{"href":"https:\/\/www.biblia.work\/diccionarios\/wp-json\/wp\/v2\/types\/post"}],"author":[{"embeddable":true,"href":"https:\/\/www.biblia.work\/diccionarios\/wp-json\/wp\/v2\/users\/1"}],"replies":[{"embeddable":true,"href":"https:\/\/www.biblia.work\/diccionarios\/wp-json\/wp\/v2\/comments?post=11078"}],"version-history":[{"count":0,"href":"https:\/\/www.biblia.work\/diccionarios\/wp-json\/wp\/v2\/posts\/11078\/revisions"}],"wp:attachment":[{"href":"https:\/\/www.biblia.work\/diccionarios\/wp-json\/wp\/v2\/media?parent=11078"}],"wp:term":[{"taxonomy":"category","embeddable":true,"href":"https:\/\/www.biblia.work\/diccionarios\/wp-json\/wp\/v2\/categories?post=11078"},{"taxonomy":"post_tag","embeddable":true,"href":"https:\/\/www.biblia.work\/diccionarios\/wp-json\/wp\/v2\/tags?post=11078"}],"curies":[{"name":"wp","href":"https:\/\/api.w.org\/{rel}","templated":true}]}}