{"id":11080,"date":"2016-02-05T07:47:22","date_gmt":"2016-02-05T12:47:22","guid":{"rendered":"http:\/\/www.biblia.work\/diccionarios\/gerardo-mayela-san\/"},"modified":"2016-02-05T07:47:22","modified_gmt":"2016-02-05T12:47:22","slug":"gerardo-mayela-san","status":"publish","type":"post","link":"https:\/\/www.biblia.work\/diccionarios\/gerardo-mayela-san\/","title":{"rendered":"GERARDO MAYELA. SAN"},"content":{"rendered":"<p>[916](1726-1755)<\/p>\n<p>     Joven religioso redentorista, dedicado a los humildes trabajos del convento y portador de una espiritualidad contagiosa e interesante para los  j\u00f3venes, pues muri\u00f3 a los 29 a\u00f1os.<\/p>\n<p>    Se ocup\u00f3 de los oficios m\u00e1s humildes, fue sastre, hortelano, cocinero, acompa\u00f1ante de los misioneros a los que reconfortaba con su oraci\u00f3n y en cuyas misiones se convert\u00ed\u00ada en el gran promotor de conversiones y de portentos de fecundidad. Los milagros admirables se escapaban de sus manos con una sencillez franciscana, si que \u00e9l mismo se diera cuenta. Los penitentes le buscaban a \u00e9l y se convert\u00ed\u00adan de verdad.<\/p>\n<p>    Fue beatificado por Le\u00f3n XIII en 1893 y canonizado por P\u00ed\u00ado X el 11 de Diciembre de 1904.<\/p>\n<p>Pedro Chico Gonz\u00e1lez, Diccionario de Catequesis y Pedagog\u00ed\u00ada Religiosa, Editorial Bru\u00f1o, Lima, Per\u00fa 2006<\/p>\n<p><b>Fuente: Diccionario de Catequesis y Pedagog\u00eda Religiosa<\/b><\/p>\n","protected":false},"excerpt":{"rendered":"<p>[916](1726-1755) Joven religioso redentorista, dedicado a los humildes trabajos del convento y portador de una espiritualidad contagiosa e interesante para los j\u00f3venes, pues muri\u00f3 a los 29 a\u00f1os. Se ocup\u00f3 de los oficios m\u00e1s humildes, fue sastre, hortelano, cocinero, acompa\u00f1ante de los misioneros a los que reconfortaba con su oraci\u00f3n y en cuyas misiones se &hellip; <a href=\"https:\/\/www.biblia.work\/diccionarios\/gerardo-mayela-san\/\" class=\"more-link\">Continuar leyendo<span class=\"screen-reader-text\"> \u00abGERARDO MAYELA. SAN\u00bb<\/span><\/a><\/p>\n","protected":false},"author":1,"featured_media":0,"comment_status":"open","ping_status":"open","sticky":false,"template":"","format":"standard","meta":{"footnotes":""},"categories":[4],"tags":[],"class_list":["post-11080","post","type-post","status-publish","format-standard","hentry","category-diccionario"],"_links":{"self":[{"href":"https:\/\/www.biblia.work\/diccionarios\/wp-json\/wp\/v2\/posts\/11080","targetHints":{"allow":["GET"]}}],"collection":[{"href":"https:\/\/www.biblia.work\/diccionarios\/wp-json\/wp\/v2\/posts"}],"about":[{"href":"https:\/\/www.biblia.work\/diccionarios\/wp-json\/wp\/v2\/types\/post"}],"author":[{"embeddable":true,"href":"https:\/\/www.biblia.work\/diccionarios\/wp-json\/wp\/v2\/users\/1"}],"replies":[{"embeddable":true,"href":"https:\/\/www.biblia.work\/diccionarios\/wp-json\/wp\/v2\/comments?post=11080"}],"version-history":[{"count":0,"href":"https:\/\/www.biblia.work\/diccionarios\/wp-json\/wp\/v2\/posts\/11080\/revisions"}],"wp:attachment":[{"href":"https:\/\/www.biblia.work\/diccionarios\/wp-json\/wp\/v2\/media?parent=11080"}],"wp:term":[{"taxonomy":"category","embeddable":true,"href":"https:\/\/www.biblia.work\/diccionarios\/wp-json\/wp\/v2\/categories?post=11080"},{"taxonomy":"post_tag","embeddable":true,"href":"https:\/\/www.biblia.work\/diccionarios\/wp-json\/wp\/v2\/tags?post=11080"}],"curies":[{"name":"wp","href":"https:\/\/api.w.org\/{rel}","templated":true}]}}