{"id":11082,"date":"2016-02-05T07:47:26","date_gmt":"2016-02-05T12:47:26","guid":{"rendered":"http:\/\/www.biblia.work\/diccionarios\/germanias\/"},"modified":"2016-02-05T07:47:26","modified_gmt":"2016-02-05T12:47:26","slug":"germanias","status":"publish","type":"post","link":"https:\/\/www.biblia.work\/diccionarios\/germanias\/","title":{"rendered":"GERMANIAS"},"content":{"rendered":"<p>[959]<\/p>\n<p>    Movimientos populares revolucionarios que se desarrollaron en el levante espa\u00f1ol, sobre todo en la comarca valenciana, en el siglo XVI. Al armarse los gremios o hermandades (german\u00ed\u00adas) populares en espera de ataques sarracenos en 1519, y ante el descontento popular por los abusos de los nobles, estallaron des\u00f3rdenes, saqueos y variadas matanzas en una situaci\u00f3n de caos y de desobediencia generalizada.<\/p>\n<p>    Encargado por el representante real Adriano de Utrech de la pacificaci\u00f3n del reino, y despu\u00e9s de varias derrotas de las tropas reales, el Duque de Segorbe logr\u00f3 desbaratar a los \u00abgermanados\u00bb, que llegaron a superar los 8.000 rebeldes y gan\u00f3 una primera batalla el 18 de Julio de 1521 en Almenara.<\/p>\n<p>     Las derrotas posteriores y el exterminio de los principales dirigentes, pacific\u00f3 la regi\u00f3n al cabo de alg\u00fan tiempo. Y el movimiento de las german\u00ed\u00adas, muy diferente en causas y efectos al de las \u00abcomunidades de Castilla de los mismos a\u00f1os, qued\u00f3 como recuerdo de la ignorancia popular alentada por visionarios que predicaban una nueva liberaci\u00f3n religiosa y una guerra santa a favor del pueblo.<\/p>\n<p>Pedro Chico Gonz\u00e1lez, Diccionario de Catequesis y Pedagog\u00ed\u00ada Religiosa, Editorial Bru\u00f1o, Lima, Per\u00fa 2006<\/p>\n<p><b>Fuente: Diccionario de Catequesis y Pedagog\u00eda Religiosa<\/b><\/p>\n","protected":false},"excerpt":{"rendered":"<p>[959] Movimientos populares revolucionarios que se desarrollaron en el levante espa\u00f1ol, sobre todo en la comarca valenciana, en el siglo XVI. Al armarse los gremios o hermandades (german\u00ed\u00adas) populares en espera de ataques sarracenos en 1519, y ante el descontento popular por los abusos de los nobles, estallaron des\u00f3rdenes, saqueos y variadas matanzas en una &hellip; <a href=\"https:\/\/www.biblia.work\/diccionarios\/germanias\/\" class=\"more-link\">Continuar leyendo<span class=\"screen-reader-text\"> \u00abGERMANIAS\u00bb<\/span><\/a><\/p>\n","protected":false},"author":1,"featured_media":0,"comment_status":"open","ping_status":"open","sticky":false,"template":"","format":"standard","meta":{"footnotes":""},"categories":[4],"tags":[],"class_list":["post-11082","post","type-post","status-publish","format-standard","hentry","category-diccionario"],"_links":{"self":[{"href":"https:\/\/www.biblia.work\/diccionarios\/wp-json\/wp\/v2\/posts\/11082","targetHints":{"allow":["GET"]}}],"collection":[{"href":"https:\/\/www.biblia.work\/diccionarios\/wp-json\/wp\/v2\/posts"}],"about":[{"href":"https:\/\/www.biblia.work\/diccionarios\/wp-json\/wp\/v2\/types\/post"}],"author":[{"embeddable":true,"href":"https:\/\/www.biblia.work\/diccionarios\/wp-json\/wp\/v2\/users\/1"}],"replies":[{"embeddable":true,"href":"https:\/\/www.biblia.work\/diccionarios\/wp-json\/wp\/v2\/comments?post=11082"}],"version-history":[{"count":0,"href":"https:\/\/www.biblia.work\/diccionarios\/wp-json\/wp\/v2\/posts\/11082\/revisions"}],"wp:attachment":[{"href":"https:\/\/www.biblia.work\/diccionarios\/wp-json\/wp\/v2\/media?parent=11082"}],"wp:term":[{"taxonomy":"category","embeddable":true,"href":"https:\/\/www.biblia.work\/diccionarios\/wp-json\/wp\/v2\/categories?post=11082"},{"taxonomy":"post_tag","embeddable":true,"href":"https:\/\/www.biblia.work\/diccionarios\/wp-json\/wp\/v2\/tags?post=11082"}],"curies":[{"name":"wp","href":"https:\/\/api.w.org\/{rel}","templated":true}]}}