{"id":11101,"date":"2016-02-05T07:48:01","date_gmt":"2016-02-05T12:48:01","guid":{"rendered":"http:\/\/www.biblia.work\/diccionarios\/giner-de-los-rios-francisco\/"},"modified":"2016-02-05T07:48:01","modified_gmt":"2016-02-05T12:48:01","slug":"giner-de-los-rios-francisco","status":"publish","type":"post","link":"https:\/\/www.biblia.work\/diccionarios\/giner-de-los-rios-francisco\/","title":{"rendered":"GINER DE LOS RIOS. FRANCISCO"},"content":{"rendered":"<p>[961](1839-1915)<\/p>\n<p>      Pedagogo andaluz, proveniente del mundo del Derecho, del que fue catedr\u00e1tico en Madrid.<\/p>\n<p>     Fue del equipo fundador de la \u00abInstituci\u00f3n libre de Ense\u00f1anza\u00bb, movimiento independiente de educaci\u00f3n. Los promotores de este grupo y movimiento pretendieron crear centros educativos con estilo opuesto a la docencia confesional de la Iglesia y a la funcionarial del Estado.<\/p>\n<p>    Las ideas de Giner de los R\u00ed\u00ados marcaron las l\u00ed\u00adneas pedag\u00f3gicas de la Instituci\u00f3n: ciencia, aristocracia, rigor, sociabilidad, conciencia, buenas maneras, elegancia en las formas y ambiciones de progreso.<\/p>\n<p>    Los estilos pedag\u00f3gicos deben orientarse m\u00e1s a la libertad que a la autoridad, a la neutralidad religiosa m\u00e1s que a la confesionalidad, a la coeducaci\u00f3n y no la segregaci\u00f3n, a la actividad m\u00e1s que a la docilidad.<\/p>\n<p>    En sus libros pedag\u00f3gicos: \u00abEl arte de las artes\u00bb, \u00abEstudios sobre educaci\u00f3n\u00bb, \u00abEducaci\u00f3n y ense\u00f1anza\u00bb, \u00abPedagog\u00ed\u00ada Universitaria\u00bb, escritos con erudici\u00f3n, estilo sereno y liberal, inicia una l\u00ed\u00adnea educativa, minoritaria pero influyente, que se mantendr\u00e1 en Espa\u00f1a hasta la guerra civil del 1936 y su posterior prohibici\u00f3n por las autoridades nacionales.<\/p>\n<p>Pedro Chico Gonz\u00e1lez, Diccionario de Catequesis y Pedagog\u00ed\u00ada Religiosa, Editorial Bru\u00f1o, Lima, Per\u00fa 2006<\/p>\n<p><b>Fuente: Diccionario de Catequesis y Pedagog\u00eda Religiosa<\/b><\/p>\n","protected":false},"excerpt":{"rendered":"<p>[961](1839-1915) Pedagogo andaluz, proveniente del mundo del Derecho, del que fue catedr\u00e1tico en Madrid. Fue del equipo fundador de la \u00abInstituci\u00f3n libre de Ense\u00f1anza\u00bb, movimiento independiente de educaci\u00f3n. Los promotores de este grupo y movimiento pretendieron crear centros educativos con estilo opuesto a la docencia confesional de la Iglesia y a la funcionarial del Estado. &hellip; <a href=\"https:\/\/www.biblia.work\/diccionarios\/giner-de-los-rios-francisco\/\" class=\"more-link\">Continuar leyendo<span class=\"screen-reader-text\"> \u00abGINER DE LOS RIOS. FRANCISCO\u00bb<\/span><\/a><\/p>\n","protected":false},"author":1,"featured_media":0,"comment_status":"open","ping_status":"open","sticky":false,"template":"","format":"standard","meta":{"footnotes":""},"categories":[4],"tags":[],"class_list":["post-11101","post","type-post","status-publish","format-standard","hentry","category-diccionario"],"_links":{"self":[{"href":"https:\/\/www.biblia.work\/diccionarios\/wp-json\/wp\/v2\/posts\/11101","targetHints":{"allow":["GET"]}}],"collection":[{"href":"https:\/\/www.biblia.work\/diccionarios\/wp-json\/wp\/v2\/posts"}],"about":[{"href":"https:\/\/www.biblia.work\/diccionarios\/wp-json\/wp\/v2\/types\/post"}],"author":[{"embeddable":true,"href":"https:\/\/www.biblia.work\/diccionarios\/wp-json\/wp\/v2\/users\/1"}],"replies":[{"embeddable":true,"href":"https:\/\/www.biblia.work\/diccionarios\/wp-json\/wp\/v2\/comments?post=11101"}],"version-history":[{"count":0,"href":"https:\/\/www.biblia.work\/diccionarios\/wp-json\/wp\/v2\/posts\/11101\/revisions"}],"wp:attachment":[{"href":"https:\/\/www.biblia.work\/diccionarios\/wp-json\/wp\/v2\/media?parent=11101"}],"wp:term":[{"taxonomy":"category","embeddable":true,"href":"https:\/\/www.biblia.work\/diccionarios\/wp-json\/wp\/v2\/categories?post=11101"},{"taxonomy":"post_tag","embeddable":true,"href":"https:\/\/www.biblia.work\/diccionarios\/wp-json\/wp\/v2\/tags?post=11101"}],"curies":[{"name":"wp","href":"https:\/\/api.w.org\/{rel}","templated":true}]}}