{"id":11103,"date":"2016-02-05T07:48:04","date_gmt":"2016-02-05T12:48:04","guid":{"rendered":"http:\/\/www.biblia.work\/diccionarios\/gioberti-vicente\/"},"modified":"2016-02-05T07:48:04","modified_gmt":"2016-02-05T12:48:04","slug":"gioberti-vicente","status":"publish","type":"post","link":"https:\/\/www.biblia.work\/diccionarios\/gioberti-vicente\/","title":{"rendered":"GIOBERTI. VICENTE"},"content":{"rendered":"<p>[967](1801-1852)<\/p>\n<p>     Sacerdote y te\u00f3logo italiano, que se puso de parte de la unidad italiana y propuso planes de uni\u00f3n contando con la primac\u00ed\u00ada del Papa al frente una asociaci\u00f3n de los pr\u00ed\u00adncipes de los Estados. Al no defender sin m\u00e1s la soberan\u00ed\u00ada de la monarqu\u00ed\u00ada piamontesa, se enemist\u00f3 con el soberano y llev\u00f3 una vida pol\u00ed\u00adtica azarosa.<\/p>\n<p>    Influy\u00f3 en el pensamiento europeo con obras religiosas como \u00abTeor\u00ed\u00ada de lo sobrenatural\u00bb, \u00abEl jesuita moderno\u00bb, \u00abSobre la Reforma cat\u00f3lica de la Iglesia\u00bb y \u00abDel bien\u00bb<br \/>\n    Su pensamiento pol\u00ed\u00adtico religioso, separando las opciones sociales y pol\u00ed\u00adticas de las creencias estrictamente religiosas, qued\u00f3 plasmado en obras como \u00abDe la primac\u00ed\u00ada moral y civil de los italianos\u00bb o  \u00abLa renovaci\u00f3n civil de Italia\u00bb<\/p>\n<p>Pedro Chico Gonz\u00e1lez, Diccionario de Catequesis y Pedagog\u00ed\u00ada Religiosa, Editorial Bru\u00f1o, Lima, Per\u00fa 2006<\/p>\n<p><b>Fuente: Diccionario de Catequesis y Pedagog\u00eda Religiosa<\/b><\/p>\n","protected":false},"excerpt":{"rendered":"<p>[967](1801-1852) Sacerdote y te\u00f3logo italiano, que se puso de parte de la unidad italiana y propuso planes de uni\u00f3n contando con la primac\u00ed\u00ada del Papa al frente una asociaci\u00f3n de los pr\u00ed\u00adncipes de los Estados. Al no defender sin m\u00e1s la soberan\u00ed\u00ada de la monarqu\u00ed\u00ada piamontesa, se enemist\u00f3 con el soberano y llev\u00f3 una vida &hellip; <a href=\"https:\/\/www.biblia.work\/diccionarios\/gioberti-vicente\/\" class=\"more-link\">Continuar leyendo<span class=\"screen-reader-text\"> \u00abGIOBERTI. VICENTE\u00bb<\/span><\/a><\/p>\n","protected":false},"author":1,"featured_media":0,"comment_status":"open","ping_status":"open","sticky":false,"template":"","format":"standard","meta":{"footnotes":""},"categories":[4],"tags":[],"class_list":["post-11103","post","type-post","status-publish","format-standard","hentry","category-diccionario"],"_links":{"self":[{"href":"https:\/\/www.biblia.work\/diccionarios\/wp-json\/wp\/v2\/posts\/11103","targetHints":{"allow":["GET"]}}],"collection":[{"href":"https:\/\/www.biblia.work\/diccionarios\/wp-json\/wp\/v2\/posts"}],"about":[{"href":"https:\/\/www.biblia.work\/diccionarios\/wp-json\/wp\/v2\/types\/post"}],"author":[{"embeddable":true,"href":"https:\/\/www.biblia.work\/diccionarios\/wp-json\/wp\/v2\/users\/1"}],"replies":[{"embeddable":true,"href":"https:\/\/www.biblia.work\/diccionarios\/wp-json\/wp\/v2\/comments?post=11103"}],"version-history":[{"count":0,"href":"https:\/\/www.biblia.work\/diccionarios\/wp-json\/wp\/v2\/posts\/11103\/revisions"}],"wp:attachment":[{"href":"https:\/\/www.biblia.work\/diccionarios\/wp-json\/wp\/v2\/media?parent=11103"}],"wp:term":[{"taxonomy":"category","embeddable":true,"href":"https:\/\/www.biblia.work\/diccionarios\/wp-json\/wp\/v2\/categories?post=11103"},{"taxonomy":"post_tag","embeddable":true,"href":"https:\/\/www.biblia.work\/diccionarios\/wp-json\/wp\/v2\/tags?post=11103"}],"curies":[{"name":"wp","href":"https:\/\/api.w.org\/{rel}","templated":true}]}}