{"id":11121,"date":"2016-02-05T07:48:36","date_gmt":"2016-02-05T12:48:36","guid":{"rendered":"http:\/\/www.biblia.work\/diccionarios\/gonzalez-garcia-manuel\/"},"modified":"2016-02-05T07:48:36","modified_gmt":"2016-02-05T12:48:36","slug":"gonzalez-garcia-manuel","status":"publish","type":"post","link":"https:\/\/www.biblia.work\/diccionarios\/gonzalez-garcia-manuel\/","title":{"rendered":"GONZALEZ GARCIA. MANUEL"},"content":{"rendered":"<p>[971]   (1877-1940)<\/p>\n<p>    Fundador de las Misioneras Eucar\u00ed\u00adsticas de Nazareth en 1921, fue un entusiasta catequista a cuya labor dedic\u00f3 todo su inmenso coraz\u00f3n de pastor y ap\u00f3stol.<\/p>\n<p>    Los a\u00f1os que le tocaron vivir fueron violentos. Su tarea sacerdotal se distingui\u00f3 por su coraz\u00f3n compasivo. Y sus a\u00f1os de Obispo conocieron duros ataques a la Iglesia. Por eso, supo mucho de tristeza, de soledad y de esperanza; y tuvo que enfrentarse con los enemigos de la fe a fuerza de sufrir en silencio.<\/p>\n<p>    En su oraci\u00f3n aprendi\u00f3 a trabajar con la claridad que dan los ojos de la fe y con la bondad de un coraz\u00f3n sencillo.<\/p>\n<p>    Naci\u00f3 en Sevilla en 1877. De ni\u00f1o frecuent\u00f3 la escuela del Cabildo llamada de S. Miguel, para los ni\u00f1os del coro.<\/p>\n<p>    En 1889 ingres\u00f3 en el Seminario. En 1900 obtuvo el doctorado Sagrada Teolog\u00ed\u00ada. El 21 de Septiembre de 1901 fue ordenado sacerdote por el Beato Marcelo Sp\u00ed\u00adnola, Cardenal Arzobispo de Sevilla.<\/p>\n<p>    1902, en Febrero, en una misi\u00f3n en Palomares del R\u00ed\u00ado (Sevilla), sinti\u00f3 la vocaci\u00f3n del Sagrario abandonado, al ver la incuria de la iglesia parroquial.<\/p>\n<p>   En 1905 fue designado cura ec\u00f3nomo de la parroquia de San Pedro, de Huelva. Luego fue arcipreste de Huelva. Para combatir la propaganda protestante, foment\u00f3 escuelas y abri\u00f3 bibliotecas.<\/p>\n<p>    En 1907 fund\u00f3 la revista \u00abEl Granito de Arena\u00bb, para promover la piedad eucar\u00ed\u00adstica. Y en 1910 inici\u00f3 la Uni\u00f3n Eucar\u00ed\u00adstica Reparadora (Mar\u00ed\u00adas de los Sagrarios y Disc\u00ed\u00adpulos de San Juan). Se las conoci\u00f3 como \u00abObra de las Tres Mar\u00ed\u00adas\u00bb y se extendi\u00f3 por Espa\u00f1a y Am\u00e9rica. Ese a\u00f1o escribi\u00f3 el mejor de sus libros: \u00abLo que puede un cura de hoy\u00bb.<\/p>\n<p>    En 1915 fue preconizado Obispo Titular de Olimpo y Auxiliar de M\u00e1laga, a pesar de que intent\u00f3 disuadir al Nuncio de tal nombramiento. El 16 de Enero de 1916 recibi\u00f3 la consagraci\u00f3n episcopal en la catedral de Sevilla. En 1917 fue nombrado Administrador Apost\u00f3lico de su Di\u00f3cesis.<\/p>\n<p>    En 1921 fund\u00f3 las \u00abMisioneras Eucar\u00ed\u00adsticas de Nazaret\u00bb (HH. Mar\u00ed\u00adas Nazarenas) bajo la direcci\u00f3n de su hermana Mar\u00ed\u00ada Antonia y j\u00f3venes de las \u00abTres Mar\u00ed\u00adas\u00bb.<\/p>\n<p>    En 1922 fue designado titular de la Di\u00f3cesis. Se entreg\u00f3 a intensa actividad pastoral. Construy\u00f3 el Seminario. Cuid\u00f3 de modo especial las catequesis parroquiales de la Di\u00f3cesis.<\/p>\n<p>    En 1931 comenzaron los des\u00f3rdenes de las turbas en la ciudad. Quemaron unos cuarenta templos y el mismo palacio episcopal. Ante los acontecimientos y las amenazas a su vida por ser el Obispo, obedeci\u00f3 a sus colaboradores y se refugi\u00f3 en Gibraltar. A los pocos d\u00ed\u00adas regres\u00f3 y se instal\u00f3 en Ronda. En 1932 viaj\u00f3 a Roma por orden del Nunci\u00f3 para informar personalmente a P\u00ed\u00ado XI. En Noviembre recibi\u00f3 indicaci\u00f3n del Nuncio de trasladarse provisionalmente a Madrid, para apaciguar la ola de calumnias que sobre \u00e9l se cern\u00ed\u00ada.<\/p>\n<p>    En 1933 fund\u00f3 la \u00abAsociaci\u00f3n de Mar\u00ed\u00adas Auxiliares Nazarenas\u00bb. En 1935 fue nombrado Obispo de Palencia y el 12 de Octubre lleg\u00f3  a su nueva Di\u00f3cesis. Desde all\u00ed\u00ad sigui\u00f3 los dolorosos hechos de la Guerra civil.<\/p>\n<p>    En 1939. 28 de Octubre, cay\u00f3 enfermo en Madrid, en la Conferencia de Metropolitanos. Regres\u00f3 a Palencia y el 4 de Enero de 1940 falleci\u00f3 piadosamente.<\/p>\n<p>     Dejaba, adem\u00e1s del recuerdo de un hombre celoso, humilde y sensible y de los movimientos e instituto eucar\u00ed\u00adsticos fundados, una serie de escritos, sobre todo catequ\u00ed\u00adsticos, que le acreditan como un excelente profesional de la Pastoral catequ\u00e9tica de mediados del siglo XX. Entr\u00e9 los m\u00e1s importantes, adem\u00e1s de sus Pastorales y cartas, se pueden recordar: \u00abApostolados menudos\u00bb. \u00abArte y Liturgia\u00bb. \u00abArte para ser ap\u00f3stol\u00bb. \u00abAs\u00ed\u00ad ama El\u00bb,\u00bbCartilla del Catequista\u00bb, \u00abEl abandono de los Sagrarios acompa\u00f1ados\u00bb, \u00abEl Coraz\u00f3n de Jes\u00fas al coraz\u00f3n del sacerdote\u00bb, \u00abEl Rosario sacerdotal\u00bb, \u00abEl sacerdote en la hora presente\u00bb, \u00abLa Gracia en educaci\u00f3n o arte de educar con gracia\u00bb, \u00abLo que puede un cura de hoy\u00bb, \u00abPartiendo el pan a los peque\u00f1uelos\u00bb, \u00abPart\u00ed\u00adculas del Evangelio\u00bb, \u00abTodos catequistas\u00bb, \u00abUn sue\u00f1o pastoral\u00bb.<\/p>\n<p>    S\u00f3lo los t\u00ed\u00adtulos de estos libros y op\u00fasculos, escritos con piedad y soltura literaria, indican su triple dimensi\u00f3n pastoral: la oraci\u00f3n eucar\u00ed\u00adstica, la animaci\u00f3n de los sacerdotes y la tarea de catequesis.<\/p>\n<p>Pedro Chico Gonz\u00e1lez, Diccionario de Catequesis y Pedagog\u00ed\u00ada Religiosa, Editorial Bru\u00f1o, Lima, Per\u00fa 2006<\/p>\n<p><b>Fuente: Diccionario de Catequesis y Pedagog\u00eda Religiosa<\/b><\/p>\n","protected":false},"excerpt":{"rendered":"<p>[971] (1877-1940) Fundador de las Misioneras Eucar\u00ed\u00adsticas de Nazareth en 1921, fue un entusiasta catequista a cuya labor dedic\u00f3 todo su inmenso coraz\u00f3n de pastor y ap\u00f3stol. Los a\u00f1os que le tocaron vivir fueron violentos. Su tarea sacerdotal se distingui\u00f3 por su coraz\u00f3n compasivo. Y sus a\u00f1os de Obispo conocieron duros ataques a la Iglesia. &hellip; <a href=\"https:\/\/www.biblia.work\/diccionarios\/gonzalez-garcia-manuel\/\" class=\"more-link\">Continuar leyendo<span class=\"screen-reader-text\"> \u00abGONZALEZ GARCIA. MANUEL\u00bb<\/span><\/a><\/p>\n","protected":false},"author":1,"featured_media":0,"comment_status":"open","ping_status":"open","sticky":false,"template":"","format":"standard","meta":{"footnotes":""},"categories":[4],"tags":[],"class_list":["post-11121","post","type-post","status-publish","format-standard","hentry","category-diccionario"],"_links":{"self":[{"href":"https:\/\/www.biblia.work\/diccionarios\/wp-json\/wp\/v2\/posts\/11121","targetHints":{"allow":["GET"]}}],"collection":[{"href":"https:\/\/www.biblia.work\/diccionarios\/wp-json\/wp\/v2\/posts"}],"about":[{"href":"https:\/\/www.biblia.work\/diccionarios\/wp-json\/wp\/v2\/types\/post"}],"author":[{"embeddable":true,"href":"https:\/\/www.biblia.work\/diccionarios\/wp-json\/wp\/v2\/users\/1"}],"replies":[{"embeddable":true,"href":"https:\/\/www.biblia.work\/diccionarios\/wp-json\/wp\/v2\/comments?post=11121"}],"version-history":[{"count":0,"href":"https:\/\/www.biblia.work\/diccionarios\/wp-json\/wp\/v2\/posts\/11121\/revisions"}],"wp:attachment":[{"href":"https:\/\/www.biblia.work\/diccionarios\/wp-json\/wp\/v2\/media?parent=11121"}],"wp:term":[{"taxonomy":"category","embeddable":true,"href":"https:\/\/www.biblia.work\/diccionarios\/wp-json\/wp\/v2\/categories?post=11121"},{"taxonomy":"post_tag","embeddable":true,"href":"https:\/\/www.biblia.work\/diccionarios\/wp-json\/wp\/v2\/tags?post=11121"}],"curies":[{"name":"wp","href":"https:\/\/api.w.org\/{rel}","templated":true}]}}