{"id":11137,"date":"2016-02-05T07:49:05","date_gmt":"2016-02-05T12:49:05","guid":{"rendered":"http:\/\/www.biblia.work\/diccionarios\/granada-fray-luis-de\/"},"modified":"2016-02-05T07:49:05","modified_gmt":"2016-02-05T12:49:05","slug":"granada-fray-luis-de","status":"publish","type":"post","link":"https:\/\/www.biblia.work\/diccionarios\/granada-fray-luis-de\/","title":{"rendered":"GRANADA. FRAY LUIS DE"},"content":{"rendered":"<p>[955](1504-1588)<br \/>\n   Dominico, escritor asc\u00e9tico cl\u00e1sico, modelo de penitencia y rectitud, provincial de la Orden Dominicana en Portugal, animador espiritual de Santa Teresa.<\/p>\n<p>     Sobresali\u00f3 por su excelente predicaci\u00f3n que le dio gran reputaci\u00f3n. Sus obras son cl\u00e1sicas en la asc\u00e9tica castellana, aunque fue sometido a proceso de averiguaci\u00f3n inquisitorial, acusado de estar influido por Erasmo y por Savonarola. Entre sus escritos, los catequ\u00ed\u00adsticos sobresalen, como \u00abIntroducci\u00f3n al s\u00ed\u00admbolo de la fe\u00bb. Pero la mayor parte son gu\u00ed\u00adas de vida cristiana: \u00abLibro de la oraci\u00f3n y meditaci\u00f3n\u00bb, \u00abMemorial de la vida cristiana\u00bb, \u00abLos seis libros de la ret\u00f3rica cristiana\u00bb. Y sobre todo su obra t\u00ed\u00adpica \u00abGu\u00ed\u00ada de Pecadores\u00bb.<\/p>\n<p>Pedro Chico Gonz\u00e1lez, Diccionario de Catequesis y Pedagog\u00ed\u00ada Religiosa, Editorial Bru\u00f1o, Lima, Per\u00fa 2006<\/p>\n<p><b>Fuente: Diccionario de Catequesis y Pedagog\u00eda Religiosa<\/b><\/p>\n","protected":false},"excerpt":{"rendered":"<p>[955](1504-1588) Dominico, escritor asc\u00e9tico cl\u00e1sico, modelo de penitencia y rectitud, provincial de la Orden Dominicana en Portugal, animador espiritual de Santa Teresa. Sobresali\u00f3 por su excelente predicaci\u00f3n que le dio gran reputaci\u00f3n. Sus obras son cl\u00e1sicas en la asc\u00e9tica castellana, aunque fue sometido a proceso de averiguaci\u00f3n inquisitorial, acusado de estar influido por Erasmo y &hellip; <a href=\"https:\/\/www.biblia.work\/diccionarios\/granada-fray-luis-de\/\" class=\"more-link\">Continuar leyendo<span class=\"screen-reader-text\"> \u00abGRANADA. FRAY LUIS DE\u00bb<\/span><\/a><\/p>\n","protected":false},"author":1,"featured_media":0,"comment_status":"open","ping_status":"open","sticky":false,"template":"","format":"standard","meta":{"footnotes":""},"categories":[4],"tags":[],"class_list":["post-11137","post","type-post","status-publish","format-standard","hentry","category-diccionario"],"_links":{"self":[{"href":"https:\/\/www.biblia.work\/diccionarios\/wp-json\/wp\/v2\/posts\/11137","targetHints":{"allow":["GET"]}}],"collection":[{"href":"https:\/\/www.biblia.work\/diccionarios\/wp-json\/wp\/v2\/posts"}],"about":[{"href":"https:\/\/www.biblia.work\/diccionarios\/wp-json\/wp\/v2\/types\/post"}],"author":[{"embeddable":true,"href":"https:\/\/www.biblia.work\/diccionarios\/wp-json\/wp\/v2\/users\/1"}],"replies":[{"embeddable":true,"href":"https:\/\/www.biblia.work\/diccionarios\/wp-json\/wp\/v2\/comments?post=11137"}],"version-history":[{"count":0,"href":"https:\/\/www.biblia.work\/diccionarios\/wp-json\/wp\/v2\/posts\/11137\/revisions"}],"wp:attachment":[{"href":"https:\/\/www.biblia.work\/diccionarios\/wp-json\/wp\/v2\/media?parent=11137"}],"wp:term":[{"taxonomy":"category","embeddable":true,"href":"https:\/\/www.biblia.work\/diccionarios\/wp-json\/wp\/v2\/categories?post=11137"},{"taxonomy":"post_tag","embeddable":true,"href":"https:\/\/www.biblia.work\/diccionarios\/wp-json\/wp\/v2\/tags?post=11137"}],"curies":[{"name":"wp","href":"https:\/\/api.w.org\/{rel}","templated":true}]}}