{"id":11145,"date":"2016-02-05T07:49:19","date_gmt":"2016-02-05T12:49:19","guid":{"rendered":"http:\/\/www.biblia.work\/diccionarios\/gravissimum-educationis-momentum\/"},"modified":"2016-02-05T07:49:19","modified_gmt":"2016-02-05T12:49:19","slug":"gravissimum-educationis-momentum","status":"publish","type":"post","link":"https:\/\/www.biblia.work\/diccionarios\/gravissimum-educationis-momentum\/","title":{"rendered":"GRAVISSIMUM   EDUCATIONIS MOMENTUM"},"content":{"rendered":"<p>[071]<\/p>\n<p>    Declaraci\u00f3n el Concilio Vaticano II sobre la educaci\u00f3n en los tiempos nuevos. Fue aprobada por el Concilio el 28 de Octubre de 1965 por 2290 votos positivos y 35 negativos.<\/p>\n<p>    Recog\u00ed\u00ada el sentir de la Iglesia sobre la educaci\u00f3n como derecho radical de todo hombre y reclamaba la libertad que deben gozar las familias y las instituciones sociales, entre ellas la Iglesia, para ofrecer su modelo o ideario propio para que los hombres libres elijan con libertad.<\/p>\n<p>    La educaci\u00f3n cristiana ocupa la mitad del texto y se sit\u00faa en el contexto de los derechos humanos que. Por el hecho de ser educaci\u00f3n, debe ser defendida y alabada por la Iglesia cat\u00f3lica. Pero se insin\u00faa que la profundizaci\u00f3n mayor de  la dimensi\u00f3n de la educaci\u00f3n cat\u00f3lica debe quedar para estudios m\u00e1s profundos. El tema es asumido como muy importante por la Iglesia reunida en Concilio.<\/p>\n<p>Pedro Chico Gonz\u00e1lez, Diccionario de Catequesis y Pedagog\u00ed\u00ada Religiosa, Editorial Bru\u00f1o, Lima, Per\u00fa 2006<\/p>\n<p><b>Fuente: Diccionario de Catequesis y Pedagog\u00eda Religiosa<\/b><\/p>\n","protected":false},"excerpt":{"rendered":"<p>[071] Declaraci\u00f3n el Concilio Vaticano II sobre la educaci\u00f3n en los tiempos nuevos. Fue aprobada por el Concilio el 28 de Octubre de 1965 por 2290 votos positivos y 35 negativos. Recog\u00ed\u00ada el sentir de la Iglesia sobre la educaci\u00f3n como derecho radical de todo hombre y reclamaba la libertad que deben gozar las familias &hellip; <a href=\"https:\/\/www.biblia.work\/diccionarios\/gravissimum-educationis-momentum\/\" class=\"more-link\">Continuar leyendo<span class=\"screen-reader-text\"> \u00abGRAVISSIMUM   EDUCATIONIS MOMENTUM\u00bb<\/span><\/a><\/p>\n","protected":false},"author":1,"featured_media":0,"comment_status":"open","ping_status":"open","sticky":false,"template":"","format":"standard","meta":{"footnotes":""},"categories":[4],"tags":[],"class_list":["post-11145","post","type-post","status-publish","format-standard","hentry","category-diccionario"],"_links":{"self":[{"href":"https:\/\/www.biblia.work\/diccionarios\/wp-json\/wp\/v2\/posts\/11145","targetHints":{"allow":["GET"]}}],"collection":[{"href":"https:\/\/www.biblia.work\/diccionarios\/wp-json\/wp\/v2\/posts"}],"about":[{"href":"https:\/\/www.biblia.work\/diccionarios\/wp-json\/wp\/v2\/types\/post"}],"author":[{"embeddable":true,"href":"https:\/\/www.biblia.work\/diccionarios\/wp-json\/wp\/v2\/users\/1"}],"replies":[{"embeddable":true,"href":"https:\/\/www.biblia.work\/diccionarios\/wp-json\/wp\/v2\/comments?post=11145"}],"version-history":[{"count":0,"href":"https:\/\/www.biblia.work\/diccionarios\/wp-json\/wp\/v2\/posts\/11145\/revisions"}],"wp:attachment":[{"href":"https:\/\/www.biblia.work\/diccionarios\/wp-json\/wp\/v2\/media?parent=11145"}],"wp:term":[{"taxonomy":"category","embeddable":true,"href":"https:\/\/www.biblia.work\/diccionarios\/wp-json\/wp\/v2\/categories?post=11145"},{"taxonomy":"post_tag","embeddable":true,"href":"https:\/\/www.biblia.work\/diccionarios\/wp-json\/wp\/v2\/tags?post=11145"}],"curies":[{"name":"wp","href":"https:\/\/api.w.org\/{rel}","templated":true}]}}