{"id":11163,"date":"2016-02-05T07:49:51","date_gmt":"2016-02-05T12:49:51","guid":{"rendered":"http:\/\/www.biblia.work\/diccionarios\/guanella-beato-luis\/"},"modified":"2016-02-05T07:49:51","modified_gmt":"2016-02-05T12:49:51","slug":"guanella-beato-luis","status":"publish","type":"post","link":"https:\/\/www.biblia.work\/diccionarios\/guanella-beato-luis\/","title":{"rendered":"GUANELLA. BEATO LUIS"},"content":{"rendered":"<p>[967](1842-1915)<br \/>\n Fundador de los Siervos de la Caridad en 1895 y de las Hijas de Santa Mar\u00ed\u00ada de la Providencia en 1881. Naci\u00f3 en 1842 Fraciscio (Sondrio), cerca de Como. En 1854 ingres\u00f3 en el Seminario local y en 1860 pas\u00f3 al Seminario de Como. En 1866 recibi\u00f3 la ordenaci\u00f3n de sacerdote y comenz\u00f3 su trabajo pastoral en Savogno.<\/p>\n<p>    En 1872 ya public\u00f3 un peque\u00f1o libro contra la masoner\u00ed\u00ada: \u00abEnsayo de Advertencias Familiares\u00bb por la influencia que ten\u00ed\u00ada la secta en aquel lugar.<\/p>\n<p>    En 1875 estableci\u00f3 relaciones con D. Bosco, que le encarg\u00f3 la direcci\u00f3n del Colegio Mondov\u00ed\u00ad. Emite los votos en la Sociedad Salesiana. Pero en 1878, viendo que no es su camino, regres\u00f3 a la Di\u00f3cesis propia. Fue enviado al pueblo de Troana. Abri\u00f3 una escuela en un convento abandonado.<\/p>\n<p>    En 1881 fue trasladado a Olmo y luego a Pianello Lario. En 1883 public\u00f3 un librito, \u00abEn la Escuela\u00bb, con sabias normas de experiencia para los que trabajan en la docencia. En 1886, con el grupo de Hermanas que hab\u00ed\u00ada formado, se traslad\u00f3 a Como, a la Villa Tomaso Grossi. Se llam\u00f3 al Centro \u00abCasa de la Providencia\u00bb. All\u00ed\u00ad naci\u00f3 la Congregaci\u00f3n femenina. Los acogidos a la casa llegaron en poco tiempo a 200.<\/p>\n<p>     En 1890 abri\u00f3 tres asilos en Mil\u00e1n. Tambi\u00e9n hizo un asilo para huerfanitas y para ancianos. Las obras se multiplicaron estos a\u00f1os. En Diciembre de 1892 inici\u00f3 la Revista \u00abLa Divina Providencia\u00bb-<\/p>\n<p>     En 1895 se ordena el primer sacerdote de la Obra masculina. En 1897 abri\u00f3 su primera casa de deficientes en Suiza y en 1900 abri\u00f3 la primera iglesia cat\u00f3lica en Suiza, en Val Bregaglia. Inici\u00f3 all\u00ed\u00ad una experiencia agr\u00ed\u00adcola en el Llano Espa\u00f1a, para dar trabajo a familias necesitadas.<\/p>\n<p>     En 1912 inaugur\u00f3 su iglesia romana de S. Jos\u00e9. A final de a\u00f1o viaj\u00f3 a Norteam\u00e9rica, a fin de preparar el establecimiento de su Obra en Boston. Pronto envi\u00f3 un grupo de misioneras.<\/p>\n<p>    En 1914 hizo su \u00faltima fundaci\u00f3n en un asilo para ancianos en Berbenno, en la Valtellina. El 24 de Octubre de 1915 fallec\u00ed\u00ada en Como a sus 73 a\u00f1os de edad.<\/p>\n<p>     Fue Beatificado por Pablo VI el 25 de Octubre de 1964.<\/p>\n<p>     En sus tiempos mejores escribi\u00f3, adem\u00e1s de las Reglas y de los Estatutos de sus Institutos, una serie de libritos educativos como: \u00abEnsayo de Advertencias Familiares para el pueblo del campo\u00bb, \u00abVayamos al Padre. Invitaci\u00f3n a la recitaci\u00f3n del Padrenuestro\u00bb, \u00abJes\u00fas Viviente en la Iglesia\u00bb, \u00abDesde Ad\u00e1n a P\u00ed\u00ado XI: Esbozos hist\u00f3rico-filos\u00f3ficos\u00bb, \u00abVayamos al monte de la felicidad\u00bb, \u00abEn la escuela: normas para dirigir bien la ense\u00f1anza elemental\u00bb, \u00abUn saludo a la Inmaculada\u00bb, \u00abVayamos al Para\u00ed\u00adso. Exhortaciones\u00bb, \u00abVenid conmigo. La doctrina cristiana expuesta con ejemplos&#8230;\u00bb \u00abEl pan del alma. Primer curso de Homil\u00ed\u00adas dominicales expuestas&#8230;\u00bbSobre la tumba de los difuntos\u00bb,\u00bb Un aviso a la Iglesia militante\u00bb, \u00abEl fundamento, o catecismo para almas que aspiran a la perfecci\u00f3n\u00bb, \u00abEn tiempo santo. Para la cuaresma\u00bb, \u00abOh Padre, oh Madre\u00bb, \u00abEl monta\u00f1\u00e9s. Aguinaldo valtellinese\u00bb, \u00abMedia hora de plegaria con Mar\u00ed\u00ada!\u00bb, \u00abLas misiones en casa \u00ab, \u00abM\u00e1ximas del Esp\u00ed\u00adritu y de acci\u00f3n\u00bb.<\/p>\n<p>Pedro Chico Gonz\u00e1lez, Diccionario de Catequesis y Pedagog\u00ed\u00ada Religiosa, Editorial Bru\u00f1o, Lima, Per\u00fa 2006<\/p>\n<p><b>Fuente: Diccionario de Catequesis y Pedagog\u00eda Religiosa<\/b><\/p>\n","protected":false},"excerpt":{"rendered":"<p>[967](1842-1915) Fundador de los Siervos de la Caridad en 1895 y de las Hijas de Santa Mar\u00ed\u00ada de la Providencia en 1881. Naci\u00f3 en 1842 Fraciscio (Sondrio), cerca de Como. En 1854 ingres\u00f3 en el Seminario local y en 1860 pas\u00f3 al Seminario de Como. En 1866 recibi\u00f3 la ordenaci\u00f3n de sacerdote y comenz\u00f3 su &hellip; <a href=\"https:\/\/www.biblia.work\/diccionarios\/guanella-beato-luis\/\" class=\"more-link\">Continuar leyendo<span class=\"screen-reader-text\"> \u00abGUANELLA. BEATO LUIS\u00bb<\/span><\/a><\/p>\n","protected":false},"author":1,"featured_media":0,"comment_status":"open","ping_status":"open","sticky":false,"template":"","format":"standard","meta":{"footnotes":""},"categories":[4],"tags":[],"class_list":["post-11163","post","type-post","status-publish","format-standard","hentry","category-diccionario"],"_links":{"self":[{"href":"https:\/\/www.biblia.work\/diccionarios\/wp-json\/wp\/v2\/posts\/11163","targetHints":{"allow":["GET"]}}],"collection":[{"href":"https:\/\/www.biblia.work\/diccionarios\/wp-json\/wp\/v2\/posts"}],"about":[{"href":"https:\/\/www.biblia.work\/diccionarios\/wp-json\/wp\/v2\/types\/post"}],"author":[{"embeddable":true,"href":"https:\/\/www.biblia.work\/diccionarios\/wp-json\/wp\/v2\/users\/1"}],"replies":[{"embeddable":true,"href":"https:\/\/www.biblia.work\/diccionarios\/wp-json\/wp\/v2\/comments?post=11163"}],"version-history":[{"count":0,"href":"https:\/\/www.biblia.work\/diccionarios\/wp-json\/wp\/v2\/posts\/11163\/revisions"}],"wp:attachment":[{"href":"https:\/\/www.biblia.work\/diccionarios\/wp-json\/wp\/v2\/media?parent=11163"}],"wp:term":[{"taxonomy":"category","embeddable":true,"href":"https:\/\/www.biblia.work\/diccionarios\/wp-json\/wp\/v2\/categories?post=11163"},{"taxonomy":"post_tag","embeddable":true,"href":"https:\/\/www.biblia.work\/diccionarios\/wp-json\/wp\/v2\/tags?post=11163"}],"curies":[{"name":"wp","href":"https:\/\/api.w.org\/{rel}","templated":true}]}}