{"id":11164,"date":"2016-02-05T07:49:52","date_gmt":"2016-02-05T12:49:52","guid":{"rendered":"http:\/\/www.biblia.work\/diccionarios\/guardini-romano\/"},"modified":"2016-02-05T07:49:52","modified_gmt":"2016-02-05T12:49:52","slug":"guardini-romano","status":"publish","type":"post","link":"https:\/\/www.biblia.work\/diccionarios\/guardini-romano\/","title":{"rendered":"GUARDINI. ROMANO"},"content":{"rendered":"<p>[971] (1886-1968)<br \/>\n Te\u00f3logo alem\u00e1n de origen italiano, Profesor en Bonn, Breslau y Berl\u00ed\u00adn, en Tubinga y en Munich. Fue experto en los movimientos lit\u00fargicos de renovaci\u00f3n de mediados del siglo XX y cultiv\u00f3 de forma especial la historia y arqueolog\u00ed\u00ada relacionada con la figura de Cristo.<\/p>\n<p>    Su influencia en la preparaci\u00f3n del ambiente que provoc\u00f3 la convocatoria del Concilio Vaticano II parece que fue grande por su prestigio y profundidad.<\/p>\n<p>    Entre sus obras numerosas son signficativas \u00abEl esp\u00ed\u00adritu de la liturgia\u00bb, \u00abDel Dios viviente\u00bb, \u00abLa conciencias cristiana: \u00abEl conocimiento de la fe\u00bb, \u00abEnsayo sobre Pascal\u00bb, \u00abMundo y persona\u00bb, \u00abLa paciencia de Dios\u00bb, \u00abLibertad, gracia y destino\u00bb, \u00abLas edades de la vida: su significaci\u00f3n \u00e9tica y pedag\u00f3gica\u00bb.<\/p>\n<p>Pedro Chico Gonz\u00e1lez, Diccionario de Catequesis y Pedagog\u00ed\u00ada Religiosa, Editorial Bru\u00f1o, Lima, Per\u00fa 2006<\/p>\n<p><b>Fuente: Diccionario de Catequesis y Pedagog\u00eda Religiosa<\/b><\/p>\n","protected":false},"excerpt":{"rendered":"<p>[971] (1886-1968) Te\u00f3logo alem\u00e1n de origen italiano, Profesor en Bonn, Breslau y Berl\u00ed\u00adn, en Tubinga y en Munich. Fue experto en los movimientos lit\u00fargicos de renovaci\u00f3n de mediados del siglo XX y cultiv\u00f3 de forma especial la historia y arqueolog\u00ed\u00ada relacionada con la figura de Cristo. Su influencia en la preparaci\u00f3n del ambiente que provoc\u00f3 &hellip; <a href=\"https:\/\/www.biblia.work\/diccionarios\/guardini-romano\/\" class=\"more-link\">Continuar leyendo<span class=\"screen-reader-text\"> \u00abGUARDINI. ROMANO\u00bb<\/span><\/a><\/p>\n","protected":false},"author":1,"featured_media":0,"comment_status":"open","ping_status":"open","sticky":false,"template":"","format":"standard","meta":{"footnotes":""},"categories":[4],"tags":[],"class_list":["post-11164","post","type-post","status-publish","format-standard","hentry","category-diccionario"],"_links":{"self":[{"href":"https:\/\/www.biblia.work\/diccionarios\/wp-json\/wp\/v2\/posts\/11164","targetHints":{"allow":["GET"]}}],"collection":[{"href":"https:\/\/www.biblia.work\/diccionarios\/wp-json\/wp\/v2\/posts"}],"about":[{"href":"https:\/\/www.biblia.work\/diccionarios\/wp-json\/wp\/v2\/types\/post"}],"author":[{"embeddable":true,"href":"https:\/\/www.biblia.work\/diccionarios\/wp-json\/wp\/v2\/users\/1"}],"replies":[{"embeddable":true,"href":"https:\/\/www.biblia.work\/diccionarios\/wp-json\/wp\/v2\/comments?post=11164"}],"version-history":[{"count":0,"href":"https:\/\/www.biblia.work\/diccionarios\/wp-json\/wp\/v2\/posts\/11164\/revisions"}],"wp:attachment":[{"href":"https:\/\/www.biblia.work\/diccionarios\/wp-json\/wp\/v2\/media?parent=11164"}],"wp:term":[{"taxonomy":"category","embeddable":true,"href":"https:\/\/www.biblia.work\/diccionarios\/wp-json\/wp\/v2\/categories?post=11164"},{"taxonomy":"post_tag","embeddable":true,"href":"https:\/\/www.biblia.work\/diccionarios\/wp-json\/wp\/v2\/tags?post=11164"}],"curies":[{"name":"wp","href":"https:\/\/api.w.org\/{rel}","templated":true}]}}