{"id":11167,"date":"2016-02-05T07:49:58","date_gmt":"2016-02-05T12:49:58","guid":{"rendered":"http:\/\/www.biblia.work\/diccionarios\/guasch-toda-teresa\/"},"modified":"2016-02-05T07:49:58","modified_gmt":"2016-02-05T12:49:58","slug":"guasch-toda-teresa","status":"publish","type":"post","link":"https:\/\/www.biblia.work\/diccionarios\/guasch-toda-teresa\/","title":{"rendered":"GUASCH TODA. TERESA"},"content":{"rendered":"<p>[967] (1848-1917)<\/p>\n<p>      Teresa Toda Juncosa (1826-1898) y Teresa Guasch Toda (1848-1917), madre e hija, son los dos nombres de las Fundadoras de las Carmelitas Teresas de San Jos\u00e9, en 1878. Aunque la Guerra Civil espa\u00f1ola de 1936 a 1939 arras\u00f3 todos los documentos y escritos existentes de ambas Fundadoras, su recuerdo de uni\u00f3n y servicio podr\u00ed\u00ada m\u00e1s que las hordas que los destruyeon.<\/p>\n<p>    En 1826 naci\u00f3 Teresa Toda en Ruideca\u00f1as, Tarragona. Hu\u00e9rfana de padre, trabaj\u00f3 ya de ni\u00f1a y durante la juventud tuvo que sacar adelante a su familia con empe\u00f1o. En 1847 contrajo matrimonio con Antonio Guasch. El car\u00e1cter violento y vicioso del marido condujo el matrimonio al fracaso y a la separaci\u00f3n mediante sentencia eclesi\u00e1stica, hasta que el esposo desapareci\u00f3 enrolado en las guerrillas carlistas, pues nunca se supo m\u00e1s de \u00e9l.<\/p>\n<p>    La hija que qued\u00f3, Teresa Guasch, naci\u00f3 en 1848. En 1855 fue llevada al Colegio de La Ense\u00f1anza para que recibiera mejor educaci\u00f3n. El que ser\u00ed\u00ada luego Obispo D. Jos\u00e9 Caixal dirig\u00ed\u00ada a la madre y luego a la hija. Pronto surgi\u00f3 la idea de fundar un Instituto para ni\u00f1as abandonadas, que la guerra hab\u00ed\u00ada multiplicado en la zona. En 1874 Caixal recibi\u00f3 los primeros votos privados de las dos Teresas, madre e hija. En 1878 se juntaron otras j\u00f3venes y comenz\u00f3 la obra. En 1880 eran ya suficientes en n\u00famero  para aceptar la direcci\u00f3n del Asilo de Ntra. Sra. de los Desamparados. En 1887 ya organizaron la Casa Central en el Barrio de Gracia y nuevas j\u00f3venes incrementaron la comunidad<br \/>\n    En 1893 falleci\u00f3 Teresa Toda. Eran ya 49 religiosas que eligieron como Superiora a Teresa Guasch. Las obras continuaron aumentando y nuevas vocaciones reforzaron el grupo. Hasta la muerte de la segunda fundadora, Teresa Guasch, que aconteci\u00f3 el 15 de Diciembre de 1917.<\/p>\n<p>Pedro Chico Gonz\u00e1lez, Diccionario de Catequesis y Pedagog\u00ed\u00ada Religiosa, Editorial Bru\u00f1o, Lima, Per\u00fa 2006<\/p>\n<p><b>Fuente: Diccionario de Catequesis y Pedagog\u00eda Religiosa<\/b><\/p>\n","protected":false},"excerpt":{"rendered":"<p>[967] (1848-1917) Teresa Toda Juncosa (1826-1898) y Teresa Guasch Toda (1848-1917), madre e hija, son los dos nombres de las Fundadoras de las Carmelitas Teresas de San Jos\u00e9, en 1878. Aunque la Guerra Civil espa\u00f1ola de 1936 a 1939 arras\u00f3 todos los documentos y escritos existentes de ambas Fundadoras, su recuerdo de uni\u00f3n y servicio &hellip; <a href=\"https:\/\/www.biblia.work\/diccionarios\/guasch-toda-teresa\/\" class=\"more-link\">Continuar leyendo<span class=\"screen-reader-text\"> \u00abGUASCH TODA. TERESA\u00bb<\/span><\/a><\/p>\n","protected":false},"author":1,"featured_media":0,"comment_status":"open","ping_status":"open","sticky":false,"template":"","format":"standard","meta":{"footnotes":""},"categories":[4],"tags":[],"class_list":["post-11167","post","type-post","status-publish","format-standard","hentry","category-diccionario"],"_links":{"self":[{"href":"https:\/\/www.biblia.work\/diccionarios\/wp-json\/wp\/v2\/posts\/11167","targetHints":{"allow":["GET"]}}],"collection":[{"href":"https:\/\/www.biblia.work\/diccionarios\/wp-json\/wp\/v2\/posts"}],"about":[{"href":"https:\/\/www.biblia.work\/diccionarios\/wp-json\/wp\/v2\/types\/post"}],"author":[{"embeddable":true,"href":"https:\/\/www.biblia.work\/diccionarios\/wp-json\/wp\/v2\/users\/1"}],"replies":[{"embeddable":true,"href":"https:\/\/www.biblia.work\/diccionarios\/wp-json\/wp\/v2\/comments?post=11167"}],"version-history":[{"count":0,"href":"https:\/\/www.biblia.work\/diccionarios\/wp-json\/wp\/v2\/posts\/11167\/revisions"}],"wp:attachment":[{"href":"https:\/\/www.biblia.work\/diccionarios\/wp-json\/wp\/v2\/media?parent=11167"}],"wp:term":[{"taxonomy":"category","embeddable":true,"href":"https:\/\/www.biblia.work\/diccionarios\/wp-json\/wp\/v2\/categories?post=11167"},{"taxonomy":"post_tag","embeddable":true,"href":"https:\/\/www.biblia.work\/diccionarios\/wp-json\/wp\/v2\/tags?post=11167"}],"curies":[{"name":"wp","href":"https:\/\/api.w.org\/{rel}","templated":true}]}}