{"id":12551,"date":"2016-02-05T08:32:41","date_gmt":"2016-02-05T13:32:41","guid":{"rendered":"http:\/\/www.biblia.work\/diccionarios\/odon-de-cluny-san\/"},"modified":"2016-02-05T08:32:41","modified_gmt":"2016-02-05T13:32:41","slug":"odon-de-cluny-san","status":"publish","type":"post","link":"https:\/\/www.biblia.work\/diccionarios\/odon-de-cluny-san\/","title":{"rendered":"ODON DE CLUNY. SAN"},"content":{"rendered":"<p>[942] (880-942)<\/p>\n<p>    Segundo abad de Cluny y gran promotor de la reforma que el monasterio representaba en la Francia de su tiempo. El monasterio sea hab\u00ed\u00ada iniciado en el 910, bajo la advocaci\u00f3n de san Pedro ap\u00f3stol y sometido a la autoridad del Papa. Su promotor, Guillermo, duque de Aquitania, lo hab\u00ed\u00ada organizado con el primer Abad san Bern\u00f3n.<\/p>\n<p>    Pronto se extendi\u00f3 el movimiento de Cluny y surgieron numerosos monasterios que se acogieron a su tutela. Od\u00f3n fue el que m\u00e1s carg\u00f3 con la responsabilidad de dirigir la expansi\u00f3n, como Bern\u00f3n hab\u00ed\u00ada iniciado el establecimiento.<\/p>\n<p>   La colaboraci\u00f3n de Cluny fue decisiva en la reforma gregoriana. Los monjes se extendieron por toda Europa alentando otros monasterios o fundando otros que se demandaban. San Od\u00f3n, o tambi\u00e9n escrito como Odil\u00f3n, fue el primero que influy\u00f3 notablemente en esa proyecci\u00f3n. La Iglesia abacial que inici\u00f3 ser\u00ed\u00ada con el tiempo la mayor de la cristiandad y se mantuvo un milenio, hasta que en 1790 qued\u00f3 arrasada casi por completo por la Revoluci\u00f3n Francesa.<\/p>\n<p>Pedro Chico Gonz\u00e1lez, Diccionario de Catequesis y Pedagog\u00ed\u00ada Religiosa, Editorial Bru\u00f1o, Lima, Per\u00fa 2006<\/p>\n<p><b>Fuente: Diccionario de Catequesis y Pedagog\u00eda Religiosa<\/b><\/p>\n","protected":false},"excerpt":{"rendered":"<p>[942] (880-942) Segundo abad de Cluny y gran promotor de la reforma que el monasterio representaba en la Francia de su tiempo. El monasterio sea hab\u00ed\u00ada iniciado en el 910, bajo la advocaci\u00f3n de san Pedro ap\u00f3stol y sometido a la autoridad del Papa. Su promotor, Guillermo, duque de Aquitania, lo hab\u00ed\u00ada organizado con el &hellip; <a href=\"https:\/\/www.biblia.work\/diccionarios\/odon-de-cluny-san\/\" class=\"more-link\">Continuar leyendo<span class=\"screen-reader-text\"> \u00abODON DE CLUNY. SAN\u00bb<\/span><\/a><\/p>\n","protected":false},"author":1,"featured_media":0,"comment_status":"open","ping_status":"open","sticky":false,"template":"","format":"standard","meta":{"footnotes":""},"categories":[4],"tags":[],"class_list":["post-12551","post","type-post","status-publish","format-standard","hentry","category-diccionario"],"_links":{"self":[{"href":"https:\/\/www.biblia.work\/diccionarios\/wp-json\/wp\/v2\/posts\/12551","targetHints":{"allow":["GET"]}}],"collection":[{"href":"https:\/\/www.biblia.work\/diccionarios\/wp-json\/wp\/v2\/posts"}],"about":[{"href":"https:\/\/www.biblia.work\/diccionarios\/wp-json\/wp\/v2\/types\/post"}],"author":[{"embeddable":true,"href":"https:\/\/www.biblia.work\/diccionarios\/wp-json\/wp\/v2\/users\/1"}],"replies":[{"embeddable":true,"href":"https:\/\/www.biblia.work\/diccionarios\/wp-json\/wp\/v2\/comments?post=12551"}],"version-history":[{"count":0,"href":"https:\/\/www.biblia.work\/diccionarios\/wp-json\/wp\/v2\/posts\/12551\/revisions"}],"wp:attachment":[{"href":"https:\/\/www.biblia.work\/diccionarios\/wp-json\/wp\/v2\/media?parent=12551"}],"wp:term":[{"taxonomy":"category","embeddable":true,"href":"https:\/\/www.biblia.work\/diccionarios\/wp-json\/wp\/v2\/categories?post=12551"},{"taxonomy":"post_tag","embeddable":true,"href":"https:\/\/www.biblia.work\/diccionarios\/wp-json\/wp\/v2\/tags?post=12551"}],"curies":[{"name":"wp","href":"https:\/\/api.w.org\/{rel}","templated":true}]}}