{"id":12568,"date":"2016-02-05T08:33:11","date_gmt":"2016-02-05T13:33:11","guid":{"rendered":"http:\/\/www.biblia.work\/diccionarios\/oliver-molina-elisea\/"},"modified":"2016-02-05T08:33:11","modified_gmt":"2016-02-05T13:33:11","slug":"oliver-molina-elisea","status":"publish","type":"post","link":"https:\/\/www.biblia.work\/diccionarios\/oliver-molina-elisea\/","title":{"rendered":"OLIVER MOLINA. ELISEA"},"content":{"rendered":"<p>[971](1869-1931)<\/p>\n<p>      Fundadora en 1891 de las Hermanas de la Virgen Mar\u00ed\u00ada de Monte Carmelo.<\/p>\n<p>   Naci\u00f3 en 1869 en Benidoleig, Alicante, de familia humilde. Al quedar hu\u00e9rfana tuvo que trabajar para colaborar a sacar adelante el hogar. Ingres\u00f3 en 1888 en la Terciarias Carmelitas de Alcantarilla. En 1890 fue enviada al Hospital de Caudete.<\/p>\n<p>     Ante las dificultades de la Obra el grupo del hospital determin\u00f3 organizarse como nuevo Instituto bajo la direcci\u00f3n de dos Padres Carmelitas que las animaron en la dif\u00ed\u00adcil tarea de mantener el hospital en funcionamiento.<\/p>\n<p>     En 1891 la Congregaci\u00f3n estaba ya formada y en 1893 fue aprobada como Instituto diocesano. En 1896 abre la Comunidad de Santa Pola, en Alicante. Y la abundancia de nuevas j\u00f3venes que ingresaban hicieron posibles nuevas obras: Orihuela, Elda, el Colegio de Cox y luego en diversas localidades de Espa\u00f1a.<\/p>\n<p>   En Diciembre de 1931 falleci\u00f3 cuando la Republica espa\u00f1ola comenzaba a poner grandes dificultades a la educaci\u00f3n cristiana en sus centros. Dejaba entonces ya cuarenta casas y doscientas religiosas dedicadas al cuidado de enfermo y a la educaci\u00f3n de ni\u00f1os pobres.<\/p>\n<p>Pedro Chico Gonz\u00e1lez, Diccionario de Catequesis y Pedagog\u00ed\u00ada Religiosa, Editorial Bru\u00f1o, Lima, Per\u00fa 2006<\/p>\n<p><b>Fuente: Diccionario de Catequesis y Pedagog\u00eda Religiosa<\/b><\/p>\n","protected":false},"excerpt":{"rendered":"<p>[971](1869-1931) Fundadora en 1891 de las Hermanas de la Virgen Mar\u00ed\u00ada de Monte Carmelo. Naci\u00f3 en 1869 en Benidoleig, Alicante, de familia humilde. Al quedar hu\u00e9rfana tuvo que trabajar para colaborar a sacar adelante el hogar. Ingres\u00f3 en 1888 en la Terciarias Carmelitas de Alcantarilla. En 1890 fue enviada al Hospital de Caudete. Ante las &hellip; <a href=\"https:\/\/www.biblia.work\/diccionarios\/oliver-molina-elisea\/\" class=\"more-link\">Continuar leyendo<span class=\"screen-reader-text\"> \u00abOLIVER MOLINA. ELISEA\u00bb<\/span><\/a><\/p>\n","protected":false},"author":1,"featured_media":0,"comment_status":"open","ping_status":"open","sticky":false,"template":"","format":"standard","meta":{"footnotes":""},"categories":[4],"tags":[],"class_list":["post-12568","post","type-post","status-publish","format-standard","hentry","category-diccionario"],"_links":{"self":[{"href":"https:\/\/www.biblia.work\/diccionarios\/wp-json\/wp\/v2\/posts\/12568","targetHints":{"allow":["GET"]}}],"collection":[{"href":"https:\/\/www.biblia.work\/diccionarios\/wp-json\/wp\/v2\/posts"}],"about":[{"href":"https:\/\/www.biblia.work\/diccionarios\/wp-json\/wp\/v2\/types\/post"}],"author":[{"embeddable":true,"href":"https:\/\/www.biblia.work\/diccionarios\/wp-json\/wp\/v2\/users\/1"}],"replies":[{"embeddable":true,"href":"https:\/\/www.biblia.work\/diccionarios\/wp-json\/wp\/v2\/comments?post=12568"}],"version-history":[{"count":0,"href":"https:\/\/www.biblia.work\/diccionarios\/wp-json\/wp\/v2\/posts\/12568\/revisions"}],"wp:attachment":[{"href":"https:\/\/www.biblia.work\/diccionarios\/wp-json\/wp\/v2\/media?parent=12568"}],"wp:term":[{"taxonomy":"category","embeddable":true,"href":"https:\/\/www.biblia.work\/diccionarios\/wp-json\/wp\/v2\/categories?post=12568"},{"taxonomy":"post_tag","embeddable":true,"href":"https:\/\/www.biblia.work\/diccionarios\/wp-json\/wp\/v2\/tags?post=12568"}],"curies":[{"name":"wp","href":"https:\/\/api.w.org\/{rel}","templated":true}]}}