{"id":12620,"date":"2016-02-05T08:34:45","date_gmt":"2016-02-05T13:34:45","guid":{"rendered":"http:\/\/www.biblia.work\/diccionarios\/orff-karl\/"},"modified":"2016-02-05T08:34:45","modified_gmt":"2016-02-05T13:34:45","slug":"orff-karl","status":"publish","type":"post","link":"https:\/\/www.biblia.work\/diccionarios\/orff-karl\/","title":{"rendered":"ORFF. KARL"},"content":{"rendered":"<p>[971](1895-1982)<\/p>\n<p>      Compositor alem\u00e1n, de Munich y luego profesional en Mannheim y en Darmstadt. En 1925 fundo la \u00abG\u00fcnter Schule\u00bb para experimentar algunos m\u00e9todos de ense\u00f1anza de la m\u00fasica.<\/p>\n<p>    Interesado por la danza public\u00f3 diversos modelos de did\u00e1ctica musical y de ritmo para ni\u00f1os (Orff-Schulwerk), que se extendieron por diversas escuelas y pa\u00ed\u00adses con gran acogida en \u00e1mbitos escolares.<\/p>\n<p>    Su sistema se basa en la comprensi\u00f3n del ritmo, en el aprendizaje instrumental asequible a ni\u00f1os, en la pr\u00e1ctica de la danza psicomotriz. Compuso para sus actividades hermosas melod\u00ed\u00adas r\u00ed\u00adtmicas como \u00abCarmina Burana\u00bb, \u00abDer Mond (La Luna)\u00bb y \u00abPrometeus\u00bb.<\/p>\n<p>    Es un sistema asequible, que puede dar mucho juego en la formaci\u00f3n, no s\u00f3lo est\u00e9tica, sino tambi\u00e9n \u00e9tica y espiritual para ni\u00f1os.<\/p>\n<p>Pedro Chico Gonz\u00e1lez, Diccionario de Catequesis y Pedagog\u00ed\u00ada Religiosa, Editorial Bru\u00f1o, Lima, Per\u00fa 2006<\/p>\n<p><b>Fuente: Diccionario de Catequesis y Pedagog\u00eda Religiosa<\/b><\/p>\n","protected":false},"excerpt":{"rendered":"<p>[971](1895-1982) Compositor alem\u00e1n, de Munich y luego profesional en Mannheim y en Darmstadt. En 1925 fundo la \u00abG\u00fcnter Schule\u00bb para experimentar algunos m\u00e9todos de ense\u00f1anza de la m\u00fasica. Interesado por la danza public\u00f3 diversos modelos de did\u00e1ctica musical y de ritmo para ni\u00f1os (Orff-Schulwerk), que se extendieron por diversas escuelas y pa\u00ed\u00adses con gran acogida &hellip; <a href=\"https:\/\/www.biblia.work\/diccionarios\/orff-karl\/\" class=\"more-link\">Continuar leyendo<span class=\"screen-reader-text\"> \u00abORFF. KARL\u00bb<\/span><\/a><\/p>\n","protected":false},"author":1,"featured_media":0,"comment_status":"open","ping_status":"open","sticky":false,"template":"","format":"standard","meta":{"footnotes":""},"categories":[4],"tags":[],"class_list":["post-12620","post","type-post","status-publish","format-standard","hentry","category-diccionario"],"_links":{"self":[{"href":"https:\/\/www.biblia.work\/diccionarios\/wp-json\/wp\/v2\/posts\/12620","targetHints":{"allow":["GET"]}}],"collection":[{"href":"https:\/\/www.biblia.work\/diccionarios\/wp-json\/wp\/v2\/posts"}],"about":[{"href":"https:\/\/www.biblia.work\/diccionarios\/wp-json\/wp\/v2\/types\/post"}],"author":[{"embeddable":true,"href":"https:\/\/www.biblia.work\/diccionarios\/wp-json\/wp\/v2\/users\/1"}],"replies":[{"embeddable":true,"href":"https:\/\/www.biblia.work\/diccionarios\/wp-json\/wp\/v2\/comments?post=12620"}],"version-history":[{"count":0,"href":"https:\/\/www.biblia.work\/diccionarios\/wp-json\/wp\/v2\/posts\/12620\/revisions"}],"wp:attachment":[{"href":"https:\/\/www.biblia.work\/diccionarios\/wp-json\/wp\/v2\/media?parent=12620"}],"wp:term":[{"taxonomy":"category","embeddable":true,"href":"https:\/\/www.biblia.work\/diccionarios\/wp-json\/wp\/v2\/categories?post=12620"},{"taxonomy":"post_tag","embeddable":true,"href":"https:\/\/www.biblia.work\/diccionarios\/wp-json\/wp\/v2\/tags?post=12620"}],"curies":[{"name":"wp","href":"https:\/\/api.w.org\/{rel}","templated":true}]}}