{"id":12668,"date":"2016-02-05T08:36:14","date_gmt":"2016-02-05T13:36:14","guid":{"rendered":"http:\/\/www.biblia.work\/diccionarios\/osso-san-enrique-de\/"},"modified":"2016-02-05T08:36:14","modified_gmt":"2016-02-05T13:36:14","slug":"osso-san-enrique-de","status":"publish","type":"post","link":"https:\/\/www.biblia.work\/diccionarios\/osso-san-enrique-de\/","title":{"rendered":"OSSO. SAN ENRIQUE DE"},"content":{"rendered":"<p>[967](1840-1896)<br \/>\n   Fundador de las Religiosas de la \u00abCompa\u00f1\u00ed\u00ada de Santa Teresa\u00bb, en 1876 y  Patrono celeste de  los Catequistas de Espa\u00f1a. Naci\u00f3 en 1840 en Vinebre, (Tarragona), Di\u00f3cesis de Tortosa. Recibe una educaci\u00f3n sencilla y trabaja desde los primeros a\u00f1os en casa de un t\u00ed\u00ado y como auxiliar en un comercio.<\/p>\n<p>     En 1854 ingres\u00f3 en el Seminario de Tortosa y en 1860 fue al Seminario de Barcelona. Estudi\u00f3 F\u00ed\u00adsica y Ciencias Naturales y actu\u00f3 de suplente en las clases. En 1861 regres\u00f3 al Seminario de Tortosa para estudiar Teolog\u00ed\u00ada. En 1863 sigui\u00f3 en Barcelona los cursos de Teolog\u00ed\u00ada especial de Dogma, Moral e Historia Eclesi\u00e1stica y obtuvo en la Universidad el T\u00ed\u00adtulo de Bachiller en Artes.<\/p>\n<p>     Desde 1866 fue profesor de Matem\u00e1ticas y F\u00ed\u00adsica en el Seminario de Tortosa. El 21 de Septiembre de 1867 recibi\u00f3 la ordenaci\u00f3n sacerdotal y celebr\u00f3 su primera misa el 6 de Octubre en el Santuario de Montserrat.<\/p>\n<p>    En 1869, despu\u00e9s de los avatares de la Revoluci\u00f3n, actu\u00f3 como ayudante en una parroquia de  Tortosa. Se dedic\u00f3 a organiza las catequesis de la ciudad. En Mayo viaj\u00f3 a Roma con una peregrinaci\u00f3n. En 1870 dir\u00ed\u00ada en Tortosa doce catequesis con m\u00faltiples secciones&#8230; Escribi\u00f3 para los catequistas su obra m\u00e1s hermosa: \u00abGu\u00ed\u00ada Pr\u00e1ctica del Catequista\u00bb. Fund\u00f3 ese a\u00f1o el semanario \u00abEl amigo del pueblo\u00bb. En 1872 inici\u00f3 la \u00abRevista de Santa Teresa\u00bb.<\/p>\n<p>     En 1873 inici\u00f3 la \u00abAsociaci\u00f3n de Hijas de Mar\u00ed\u00ada y Sta. Teresa\u00bb. En 1875 hizo una peregrinaci\u00f3n a Avila y Alba de Tormes. Fund\u00f3 la \u00abHermandad Josefina\u00bb y \u00abReba\u00f1ito del Ni\u00f1o Jes\u00fas\u00bb, para ni\u00f1os. En 1876 dise\u00f1\u00f3 la \u00abCompa\u00f1\u00ed\u00ada de Sta. Teresa\u00bb, para la educaci\u00f3n. En Octubre junt\u00f3 las primeras Hermanas y organiz\u00f3 el Colegio de Villalonga (Tarragona).<\/p>\n<p>     En 1884 la Compa\u00f1\u00ed\u00ada ten\u00ed\u00ada ya varias casas y ese a\u00f1o se abri\u00f3 la primera en Portugal. Al a\u00f1o siguiente se inici\u00f3 una obra en Or\u00e1n. En 1888 se inaugur\u00f3 la primera obra en M\u00e9jico. En 1891 comenz\u00f3 a funcionar la Editorial \u00abEscuela de Santa Teresa\u00bb, para editar libros de texto. En 1894 pas\u00f3 varios meses en Roma.<\/p>\n<p>     En 1896 se retir\u00f3 al Convento franciscano de Sancti Spiritus, en Gilet (Valencia). En la noche del 27 de Enero muri\u00f3 de un derrame cerebral. Ten\u00ed\u00ada 56 a\u00f1os. Fue enterrado en el mismo cementerio del Convento el d\u00ed\u00ada 28. Luego ser\u00ed\u00adan sus restos trasladados a la capilla del Noviciado de Sta. Teresa, de Tortosa.<\/p>\n<p>     Fue Beatificado por Juan Pablo II el 14 de Octubre de 1979 y Canonizado por Juan Pablo II el 16 de Junio de 1993.<\/p>\n<p>   Entre sus numerosos escritos catequ\u00ed\u00adsticos, adem\u00e1s de la Gu\u00ed\u00ada pr\u00e1ctica del Catequista de 1972, dej\u00f3 algunos como: \u00abPensamiento de Sta. Teresa de Jes\u00fas\u00bb, \u00abColecci\u00f3n de pensamientos, m\u00e1ximas, sentencias y afectos, de sus obras\u00bb (Tres vol\u00famenes), \u00abEl cuarto de hora de oraci\u00f3n seg\u00fan la Ser\u00e1fica Doctora\u00bb, \u00abCatecismo sobre la masoner\u00ed\u00ada\u00bb, \u00abTesoro de la juventud: Devocionario completo y razonado\u00bb, \u00abCatecismo de los obreros y de los ricos\u00bb, \u00abRudimentos de religi\u00f3n y moral\u00bb, \u00abRudimentos de Historia Sagrada\u00bb, \u00abTesoro de la ni\u00f1a\u00bb y un manuscrito para un \u00abTratado de Pedagog\u00ed\u00ada\u00bb, as\u00ed\u00ad como documentos, Reglas y reglamentos el Instituto de las Hermanas.<\/p>\n<p>Pedro Chico Gonz\u00e1lez, Diccionario de Catequesis y Pedagog\u00ed\u00ada Religiosa, Editorial Bru\u00f1o, Lima, Per\u00fa 2006<\/p>\n<p><b>Fuente: Diccionario de Catequesis y Pedagog\u00eda Religiosa<\/b><\/p>\n","protected":false},"excerpt":{"rendered":"<p>[967](1840-1896) Fundador de las Religiosas de la \u00abCompa\u00f1\u00ed\u00ada de Santa Teresa\u00bb, en 1876 y Patrono celeste de los Catequistas de Espa\u00f1a. Naci\u00f3 en 1840 en Vinebre, (Tarragona), Di\u00f3cesis de Tortosa. Recibe una educaci\u00f3n sencilla y trabaja desde los primeros a\u00f1os en casa de un t\u00ed\u00ado y como auxiliar en un comercio. En 1854 ingres\u00f3 en &hellip; <a href=\"https:\/\/www.biblia.work\/diccionarios\/osso-san-enrique-de\/\" class=\"more-link\">Continuar leyendo<span class=\"screen-reader-text\"> \u00abOSSO. SAN ENRIQUE DE\u00bb<\/span><\/a><\/p>\n","protected":false},"author":1,"featured_media":0,"comment_status":"open","ping_status":"open","sticky":false,"template":"","format":"standard","meta":{"footnotes":""},"categories":[4],"tags":[],"class_list":["post-12668","post","type-post","status-publish","format-standard","hentry","category-diccionario"],"_links":{"self":[{"href":"https:\/\/www.biblia.work\/diccionarios\/wp-json\/wp\/v2\/posts\/12668","targetHints":{"allow":["GET"]}}],"collection":[{"href":"https:\/\/www.biblia.work\/diccionarios\/wp-json\/wp\/v2\/posts"}],"about":[{"href":"https:\/\/www.biblia.work\/diccionarios\/wp-json\/wp\/v2\/types\/post"}],"author":[{"embeddable":true,"href":"https:\/\/www.biblia.work\/diccionarios\/wp-json\/wp\/v2\/users\/1"}],"replies":[{"embeddable":true,"href":"https:\/\/www.biblia.work\/diccionarios\/wp-json\/wp\/v2\/comments?post=12668"}],"version-history":[{"count":0,"href":"https:\/\/www.biblia.work\/diccionarios\/wp-json\/wp\/v2\/posts\/12668\/revisions"}],"wp:attachment":[{"href":"https:\/\/www.biblia.work\/diccionarios\/wp-json\/wp\/v2\/media?parent=12668"}],"wp:term":[{"taxonomy":"category","embeddable":true,"href":"https:\/\/www.biblia.work\/diccionarios\/wp-json\/wp\/v2\/categories?post=12668"},{"taxonomy":"post_tag","embeddable":true,"href":"https:\/\/www.biblia.work\/diccionarios\/wp-json\/wp\/v2\/tags?post=12668"}],"curies":[{"name":"wp","href":"https:\/\/api.w.org\/{rel}","templated":true}]}}