{"id":12676,"date":"2016-02-05T08:36:30","date_gmt":"2016-02-05T13:36:30","guid":{"rendered":"http:\/\/www.biblia.work\/diccionarios\/oviedo\/"},"modified":"2016-02-05T08:36:30","modified_gmt":"2016-02-05T13:36:30","slug":"oviedo","status":"publish","type":"post","link":"https:\/\/www.biblia.work\/diccionarios\/oviedo\/","title":{"rendered":"OVIEDO"},"content":{"rendered":"<p>[960]<\/p>\n<p>     Apellido frecuente en espa\u00f1ol, que han llevados figuras apost\u00f3licas diversas, de las que se citan algunas:<br \/>\n   &#8211;  Oviedo. Andr\u00e9s de (1518-1580). Jesuita de Illescas, admitido por S. Ignacio mismo, luego rector del Colegio de Gand\u00ed\u00ada.  Misionero en Etiop\u00ed\u00ada con cargo  de Obispo y luego Patriarca por mandato pontificios, paso 20 a\u00f1os de misiones desde 1557. Escribi\u00f3 en lengua nativa un tratado \u00abDel primado del romano pont\u00ed\u00adfice y de los errores de los abisinios\u00bb para ilustrar a los ortodoxos locales.<\/p>\n<p>   &#8211;  Oviedo. Juan Antonio de (1670-1757). Jesuita colombiano, docente en la Universidad de Guatemala, Rector del Colegio de M\u00e9jico y escritor fecundo de obras de piedad y ascesis. Entre ellas son interesantes \u00abSuma de Teolog\u00ed\u00ada moral\u00bb, y \u00abDestierro de la ignorancia sobre los sacramentos de la Penitencia y de la Comuni\u00f3n\u00bb.<\/p>\n<p>   &#8211; Oviedo Monroy. Juan de (1702-1753). Carmelita descalzo de Pastrana y luego de Alcal\u00e1. M\u00e1s tarde pas\u00f3 a los Trinitarios, para evitar rivalidades en su Orden. Fue hombre de inteligencia brillante, de memoria prodigiosa, llamado por sus amigos \u00abmonstruo de sabidur\u00ed\u00ada\u00bb.<\/p>\n<p>    Dej\u00f3 muchas obras escritas de piedad e instrucci\u00f3n popular, entre ellas: \u00abEl pat\u00e1n de Carabanchel\u00bb, \u00abColaci\u00f3n de Nochebuena\u00bb, \u00abOraci\u00f3n en verso de ingreso en la Academia Espa\u00f1ola\u00bb, \u00abEl poeta oculto y espa\u00f1ol conocido\u00bb, \u00abActo de contrici\u00f3n en verso\u00bb.<\/p>\n<p>   &#8211; Oviedo. Francisco de (1602-1651). Jesuita de Madrid. Profesor de Filosof\u00ed\u00ada y Teolog\u00ed\u00ada moral, escribi\u00f3 diversos tratados muy apreciados en su especialidad. Entre ellos est\u00e1n \u00abCurso de Filosof\u00ed\u00ada\u00bb, \u00abTratado de Teolog\u00ed\u00ada Escol\u00e1stica\u00bb y \u00abLas virtudes de la Fe, Esperanza y Caridad.\u00bb &#8211; Oviedo. Antonia de. (1822-1898). Cofundadora de las \u00abOblatas del Stmo. Redentor\u00bb en 1870. Naci\u00f3 en 1822 en Lausana (Vaud), en  Suiza donde su padre, Antonio de Oviedo, diplom\u00e1tico y embajador hab\u00ed\u00ada contra\u00ed\u00addo matrimonio con su madre, Susana Sch\u00f6nthal.<\/p>\n<p>      Se form\u00f3 en el Pensionado de las Se\u00f1oritas de Montaigne, en Friburgo. En Agosto se 1838 se coloc\u00f3 como institutriz de los Marqueses de la Romana, para atender a su hija Rosal\u00ed\u00ada Caro. Con la familia vivi\u00f3 en Mil\u00e1n y luego en Florencia. En 1840 abri\u00f3 un Pensionado por su cuenta en Suiza y llev\u00f3 vida de piedad intensa y de obras de caridad.<\/p>\n<p>     El 1843 hace su primer voto de castidad. Ante la tensi\u00f3n entre cat\u00f3licos y protestantes en Suiza obligaron a la clausura del Centro. En 1847 el embajador de Espa\u00f1a en Berna la solicita como preceptora de las hijas de la Reina Mar\u00ed\u00ada Cristina de Borb\u00f3n. Lleg\u00f3 a Madrid el 15 de Febrero.<\/p>\n<p> En 1849 conoci\u00f3 en la Corte al Obispo de Daulia, Mons. Jos\u00e9 Benito Serra. Estuvo con la familia real en Aranjuez y en La Granja, en Segovia. En 1853 viajo a Londres y por diversos lugares con las infantas, a las que educaba con gran acierto. En 1854 la Reina Madre tuvo que huir a Francia y con ella fue a Par\u00ed\u00ads. En 1857 pas\u00f3 varios meses en su hogar de Suiza por su delicada salud.<\/p>\n<p>    En 1859 volvi\u00f3 a Par\u00ed\u00ads con la familia real. Al contraer matrimonio la tercera infanta, y \u00faltima de sus disc\u00ed\u00adpulas, dio por terminada su misi\u00f3n en la Corte. Se dirigi\u00f3 a Roma, donde fij\u00f3 su residencia y llev\u00f3 una vida de discreta vida social y alguna actividad literaria.<\/p>\n<p>     En 1864 fue requerida por Mons. Serra para hacerse cargo del Asilo de Arrepentidas, que el Obispo hab\u00ed\u00ada iniciado en Ciempozuelos, cerca de Madrid. Contra los consejos de amigos y familiares, se decidi\u00f3 a la empresa, consciente de lo ellos significaba para su vida.<\/p>\n<p>    En 1865 firm\u00f3 la compra del antiguo convento de Frailes Alcantarinos. Cuatro religiosas capuchinas de la Divina Pastora, que llegaron para ayudarla, no consideraron oportuno continuar en aquel dif\u00ed\u00adcil ambiente. Ella se mantuvo firme durante a\u00f1os en la empresa. En 1867 con la colaboradora asume la animaci\u00f3n de la Instituci\u00f3n de Oblatas del Stmo. Redentor, que el Obispo Serra perfil\u00f3 para sostener la obra. Adopt\u00f3 el nombre de Mar\u00ed\u00ada Antonia de la Misericordia. Hizo su profesi\u00f3n religiosa, convencida de su opci\u00f3n clara e irreversible.<\/p>\n<p>    Desde 1876 abri\u00f3 nuevos asilos de arrepentidas: Vitoria, Benicas\u00ed\u00adn, Madrid, Toledo. En 1880 viaj\u00f3 a Roma y visit\u00f3 a Le\u00f3n XIII, que apoy\u00f3 su obra y firm\u00f3 el Decreto de Alabanza.<\/p>\n<p>    Desde 1885 las fundaciones aumentaron: Santander, Vitoria, Tarragona, Valladolid, etc. En 1886 falleci\u00f3 Mons. Serra en el Desierto de las Palmas, en Castell\u00f3n. Qued\u00f3 sola al frente de la obra, ya consolidada. En 1888 reuni\u00f3 a las Superioras de las diversas casas en Cap\u00ed\u00adtulo General. En 1894 traslad\u00f3 los restos de Mons. Serra a la casa de Ciempozuelos. En 1898, el 28 de Febrero, falleci\u00f3 repentinamente en Ciempozuelos.<\/p>\n<p>    Dejaba un hermoso Instituto destinado a salvar a las j\u00f3venes descarriadas por la dificultades de la vida. Entre sus cosas se hallaron diversas obras que hab\u00ed\u00ada ido escribiendo: \u00abPoes\u00ed\u00adas\u00bb, \u00abRegla de vida\u00bb. \u00abEl ramillete\u00bb, \u00bb Di\u00e1logo para una distribuci\u00f3n de premios\u00bb, \u00abLa Esperanza\u00bb, \u00abLa Inmaculada Concepci\u00f3n\u00bb, \u00abLa Asunci\u00f3n\u00bb, \u00abEl rosal de la Magdalena\u00bb, \u00abEl misionero\u00bb \u00abSta. M\u00c2\u00aa Magdalena y las arrepentidas\u00bb, y obras dram\u00e1ticas: \u00abLa fiesta o el Espejo M\u00e1gico\u00bb, \u00abEl refugio de la felicidad\u00bb.<\/p>\n<p>Pedro Chico Gonz\u00e1lez, Diccionario de Catequesis y Pedagog\u00ed\u00ada Religiosa, Editorial Bru\u00f1o, Lima, Per\u00fa 2006<\/p>\n<p><b>Fuente: Diccionario de Catequesis y Pedagog\u00eda Religiosa<\/b><\/p>\n","protected":false},"excerpt":{"rendered":"<p>[960] Apellido frecuente en espa\u00f1ol, que han llevados figuras apost\u00f3licas diversas, de las que se citan algunas: &#8211; Oviedo. Andr\u00e9s de (1518-1580). Jesuita de Illescas, admitido por S. Ignacio mismo, luego rector del Colegio de Gand\u00ed\u00ada. Misionero en Etiop\u00ed\u00ada con cargo de Obispo y luego Patriarca por mandato pontificios, paso 20 a\u00f1os de misiones desde &hellip; <a href=\"https:\/\/www.biblia.work\/diccionarios\/oviedo\/\" class=\"more-link\">Continuar leyendo<span class=\"screen-reader-text\"> \u00abOVIEDO\u00bb<\/span><\/a><\/p>\n","protected":false},"author":1,"featured_media":0,"comment_status":"open","ping_status":"open","sticky":false,"template":"","format":"standard","meta":{"footnotes":""},"categories":[4],"tags":[],"class_list":["post-12676","post","type-post","status-publish","format-standard","hentry","category-diccionario"],"_links":{"self":[{"href":"https:\/\/www.biblia.work\/diccionarios\/wp-json\/wp\/v2\/posts\/12676","targetHints":{"allow":["GET"]}}],"collection":[{"href":"https:\/\/www.biblia.work\/diccionarios\/wp-json\/wp\/v2\/posts"}],"about":[{"href":"https:\/\/www.biblia.work\/diccionarios\/wp-json\/wp\/v2\/types\/post"}],"author":[{"embeddable":true,"href":"https:\/\/www.biblia.work\/diccionarios\/wp-json\/wp\/v2\/users\/1"}],"replies":[{"embeddable":true,"href":"https:\/\/www.biblia.work\/diccionarios\/wp-json\/wp\/v2\/comments?post=12676"}],"version-history":[{"count":0,"href":"https:\/\/www.biblia.work\/diccionarios\/wp-json\/wp\/v2\/posts\/12676\/revisions"}],"wp:attachment":[{"href":"https:\/\/www.biblia.work\/diccionarios\/wp-json\/wp\/v2\/media?parent=12676"}],"wp:term":[{"taxonomy":"category","embeddable":true,"href":"https:\/\/www.biblia.work\/diccionarios\/wp-json\/wp\/v2\/categories?post=12676"},{"taxonomy":"post_tag","embeddable":true,"href":"https:\/\/www.biblia.work\/diccionarios\/wp-json\/wp\/v2\/tags?post=12676"}],"curies":[{"name":"wp","href":"https:\/\/api.w.org\/{rel}","templated":true}]}}