{"id":12683,"date":"2016-02-05T08:36:42","date_gmt":"2016-02-05T13:36:42","guid":{"rendered":"http:\/\/www.biblia.work\/diccionarios\/ozanan-federico\/"},"modified":"2016-02-05T08:36:42","modified_gmt":"2016-02-05T13:36:42","slug":"ozanan-federico","status":"publish","type":"post","link":"https:\/\/www.biblia.work\/diccionarios\/ozanan-federico\/","title":{"rendered":"OZANAN. FEDERICO"},"content":{"rendered":"<p>[961](1813-1853)<br \/>\n  Historiador y apologista franc\u00e9s, nacido en Mil\u00e1n y formado en la Sorbona, donde obtuvo el Doctorado en Leyes y luego en Letras. Pronto fue profesor en la Sorbona, adquiriendo celebridad prematura en su c\u00e1tedra. Escribi\u00f3 desde joven hermosos tratados de Historia, como \u00abInstituciones cristianas en los primeros siglos\u00bb. Viaj\u00f3 por toda Europa y escribi\u00f3 con profusi\u00f3n sobre temas religiosos: \u00abLas escuelas y la instrucci\u00f3n italiana durante la Edad media\u00bb, \u00abEstudios germ\u00e1nicos\u00bb, \u00abPeregrino en el pa\u00ed\u00ads del Cid\u00bb<\/p>\n<p>     Se relaciono con los intelectuales, sobre todo en c\u00ed\u00adrculos juveniles de Par\u00ed\u00ads, haciendo a todos part\u00ed\u00adcipe de su lema \u00abVerdad y Caridad\u00bb. Contrajo matrimonio con Amelia Soulacroix y tuvo una hija. Con Montalambert y con los c\u00ed\u00adrculos de j\u00f3venes cat\u00f3licos, organiz\u00f3 las Conferencias en Nuestra Se\u00f1ora, de Par\u00ed\u00ads.<\/p>\n<p>      En 1833 inici\u00f3 las Conferencias de S. Vicente de Pa\u00fal. Tuvieron gran \u00e9xito y se extendieron por diversas localidades, bajo la inspiraci\u00f3n de la Hijas de la Caridad. Sobre todo fue Sor Rosal\u00ed\u00ada Rend\u00fa, mujer conocida y reconocida en el Par\u00ed\u00ads de aquella \u00e9poca, la que orient\u00f3 su acci\u00f3n caritativa. Logr\u00f3 vincular las ideas con el directo contacto con las necesidades reales de los pobres.<\/p>\n<p>     Muri\u00f3 en 1853 en Marsella cuando s\u00f3lo contaba 40 a\u00f1os.<\/p>\n<p>Pedro Chico Gonz\u00e1lez, Diccionario de Catequesis y Pedagog\u00ed\u00ada Religiosa, Editorial Bru\u00f1o, Lima, Per\u00fa 2006<\/p>\n<p><b>Fuente: Diccionario de Catequesis y Pedagog\u00eda Religiosa<\/b><\/p>\n","protected":false},"excerpt":{"rendered":"<p>[961](1813-1853) Historiador y apologista franc\u00e9s, nacido en Mil\u00e1n y formado en la Sorbona, donde obtuvo el Doctorado en Leyes y luego en Letras. Pronto fue profesor en la Sorbona, adquiriendo celebridad prematura en su c\u00e1tedra. Escribi\u00f3 desde joven hermosos tratados de Historia, como \u00abInstituciones cristianas en los primeros siglos\u00bb. Viaj\u00f3 por toda Europa y escribi\u00f3 &hellip; <a href=\"https:\/\/www.biblia.work\/diccionarios\/ozanan-federico\/\" class=\"more-link\">Continuar leyendo<span class=\"screen-reader-text\"> \u00abOZANAN. FEDERICO\u00bb<\/span><\/a><\/p>\n","protected":false},"author":1,"featured_media":0,"comment_status":"open","ping_status":"open","sticky":false,"template":"","format":"standard","meta":{"footnotes":""},"categories":[4],"tags":[],"class_list":["post-12683","post","type-post","status-publish","format-standard","hentry","category-diccionario"],"_links":{"self":[{"href":"https:\/\/www.biblia.work\/diccionarios\/wp-json\/wp\/v2\/posts\/12683","targetHints":{"allow":["GET"]}}],"collection":[{"href":"https:\/\/www.biblia.work\/diccionarios\/wp-json\/wp\/v2\/posts"}],"about":[{"href":"https:\/\/www.biblia.work\/diccionarios\/wp-json\/wp\/v2\/types\/post"}],"author":[{"embeddable":true,"href":"https:\/\/www.biblia.work\/diccionarios\/wp-json\/wp\/v2\/users\/1"}],"replies":[{"embeddable":true,"href":"https:\/\/www.biblia.work\/diccionarios\/wp-json\/wp\/v2\/comments?post=12683"}],"version-history":[{"count":0,"href":"https:\/\/www.biblia.work\/diccionarios\/wp-json\/wp\/v2\/posts\/12683\/revisions"}],"wp:attachment":[{"href":"https:\/\/www.biblia.work\/diccionarios\/wp-json\/wp\/v2\/media?parent=12683"}],"wp:term":[{"taxonomy":"category","embeddable":true,"href":"https:\/\/www.biblia.work\/diccionarios\/wp-json\/wp\/v2\/categories?post=12683"},{"taxonomy":"post_tag","embeddable":true,"href":"https:\/\/www.biblia.work\/diccionarios\/wp-json\/wp\/v2\/tags?post=12683"}],"curies":[{"name":"wp","href":"https:\/\/api.w.org\/{rel}","templated":true}]}}