{"id":12709,"date":"2016-02-05T08:37:31","date_gmt":"2016-02-05T13:37:31","guid":{"rendered":"http:\/\/www.biblia.work\/diccionarios\/pablo-de-la-cruz-san\/"},"modified":"2016-02-05T08:37:31","modified_gmt":"2016-02-05T13:37:31","slug":"pablo-de-la-cruz-san","status":"publish","type":"post","link":"https:\/\/www.biblia.work\/diccionarios\/pablo-de-la-cruz-san\/","title":{"rendered":"PABLO DE LA CRUZ. SAN"},"content":{"rendered":"<p>[954](1694-1775)<\/p>\n<p>      Fundador de la \u00abCongregaci\u00f3n de la Pasi\u00f3n\u00bb en 1720 y de las \u00abReligiosas de la Sta. Cruz\u00bb en 1771. Hombre fiel a las inspiraciones de la Palabra divina, fue un enamorado de la Cruz redentora del Se\u00f1or desde sus a\u00f1os infantiles. Descubri\u00f3 el inagotable tesoro que supone la entrega generosa de Dios a los hombres y sinti\u00f3 que al hombre s\u00f3lo le queda una repuesta de gratitud, de humildad y de amor.<\/p>\n<p>    Naci\u00f3 en 1694 Ovanda, Alejandr\u00ed\u00ada de Italia. En 1713 escuch\u00f3 un serm\u00f3n de un p\u00e1rroco, se sinti\u00f3 \u00abconvertido\u00bb y decidido a dedicarse s\u00f3lo a las cosas de Dios y al servicio apost\u00f3lico.<\/p>\n<p>    Se dirigi\u00f3 a Castellazzo y se dedic\u00f3 a la oraci\u00f3n. Renunciado un matrimonio que se le impon\u00ed\u00ada y dejadas todas las cosas, se dedic\u00f3 a organizar un grupos de 30 j\u00f3venes, son lo que se entreg\u00f3 a obras de piedad y de caridad.<\/p>\n<p>    En 1720, en una  visi\u00f3n de la Virgen Mar\u00ed\u00ada, se le indic\u00f3 el tipo H\u00e1bito que hab\u00ed\u00ada de llevar los miembros de la Congregaci\u00f3n que comenz\u00f3 a organizar con sus seguidores. En \u00abTrinit\u00e1 da Lungi\u00bb escribi\u00f3 en cinco d\u00ed\u00adas la Regla de la Sociedad. Organiz\u00f3 una misi\u00f3n, la primera, en la Iglesia de S. Carlos.<\/p>\n<p>    En 1721 se retir\u00f3 a la soledad de Monte Argentario, en Orbetello. All\u00ed\u00ad comenz\u00f3 propiamente la obra del grupo. Las misiones populares y la vida de soledad y penitencia.<\/p>\n<p>    En 1727 recibi\u00f3 la ordenaci\u00f3n sacerdotal en la Bas\u00ed\u00adlica de S. Pedro, por el mismo Benedicto XIII. En 1733 construy\u00f3 en Orvetello del primer convento, o \u00abRetiro\u00bb, de la Congregaci\u00f3n Pasionista. Las obras se fueron multiplicando a medida que nuevos compa\u00f1eros llegar\u00e1n y nuevos retiros se fueron disponiendo para el apostolado y las misiones populares.<\/p>\n<p>    En 1747 se tuvo el Primer Cap\u00ed\u00adtulo del Instituto en Monte Argentario. Fue elegido Superior General. Luego en seis ocasiones m\u00e1s se le renov\u00f3 su cargo hasta el a\u00f1os 1775.<\/p>\n<p>    En 1767 visit\u00f3 Roma y fue recibido por Clemente XIII. En 1769 inaugur\u00f3 en Tarquinia el \u00faltimo de los \u00abRefugios\u00bb fundados en su vida. En 1770 viaj\u00f3 por \u00faltima vez al Monte Argentario. En 1771 dispuso el grupo de las primeras diez religiosas bajo la direcci\u00f3n de la Hermana Mar\u00ed\u00ada Crucificada Constantini.<\/p>\n<p>    En 1772, las agotadoras enfermedades y la p\u00e9rdida de vista que se apoderaron de \u00e9l le obligaron a pasar casi sus \u00faltimos a\u00f1os postrado en el lecho. El 9 de Diciembre de 1773 tom\u00f3 posesi\u00f3n de la  Iglesia y del Convento de S. Andr\u00e9s, que el Papa le concedi\u00f3 en Roma. Muri\u00f3 en 1755 en Roma.<\/p>\n<p>     Fue Beatificado el 1 de Mayo de 1853 por P\u00ed\u00ado IX y Canonizado el 29 de Agosto de 1867 por el mismo Pont\u00ed\u00adfice. Dej\u00f3 escritas m\u00e1s de 20.000 cartas (se conservan 2.059) y las \u00abReglas de la Congregaci\u00f3n de la Pasi\u00f3n\u00bb y las \u00abReglas y  Constituciones de las Religiosas de la Santa Cruz\u00bb.<\/p>\n<p>    El esp\u00ed\u00adritu pasionista, penitente y espiritual, basado en la espiritualidad de la cruz y en el anuncio de la redenci\u00f3n de Cristo, ha sido uno de los m\u00e1s significativo en la Iglesia y la llamada permanente a la vivencia cristiana de la pasi\u00f3n y muerte del Se\u00f1or.<\/p>\n<p>Pedro Chico Gonz\u00e1lez, Diccionario de Catequesis y Pedagog\u00ed\u00ada Religiosa, Editorial Bru\u00f1o, Lima, Per\u00fa 2006<\/p>\n<p><b>Fuente: Diccionario de Catequesis y Pedagog\u00eda Religiosa<\/b><\/p>\n","protected":false},"excerpt":{"rendered":"<p>[954](1694-1775) Fundador de la \u00abCongregaci\u00f3n de la Pasi\u00f3n\u00bb en 1720 y de las \u00abReligiosas de la Sta. Cruz\u00bb en 1771. Hombre fiel a las inspiraciones de la Palabra divina, fue un enamorado de la Cruz redentora del Se\u00f1or desde sus a\u00f1os infantiles. Descubri\u00f3 el inagotable tesoro que supone la entrega generosa de Dios a los &hellip; <a href=\"https:\/\/www.biblia.work\/diccionarios\/pablo-de-la-cruz-san\/\" class=\"more-link\">Continuar leyendo<span class=\"screen-reader-text\"> \u00abPABLO DE LA CRUZ. SAN\u00bb<\/span><\/a><\/p>\n","protected":false},"author":1,"featured_media":0,"comment_status":"open","ping_status":"open","sticky":false,"template":"","format":"standard","meta":{"footnotes":""},"categories":[4],"tags":[],"class_list":["post-12709","post","type-post","status-publish","format-standard","hentry","category-diccionario"],"_links":{"self":[{"href":"https:\/\/www.biblia.work\/diccionarios\/wp-json\/wp\/v2\/posts\/12709","targetHints":{"allow":["GET"]}}],"collection":[{"href":"https:\/\/www.biblia.work\/diccionarios\/wp-json\/wp\/v2\/posts"}],"about":[{"href":"https:\/\/www.biblia.work\/diccionarios\/wp-json\/wp\/v2\/types\/post"}],"author":[{"embeddable":true,"href":"https:\/\/www.biblia.work\/diccionarios\/wp-json\/wp\/v2\/users\/1"}],"replies":[{"embeddable":true,"href":"https:\/\/www.biblia.work\/diccionarios\/wp-json\/wp\/v2\/comments?post=12709"}],"version-history":[{"count":0,"href":"https:\/\/www.biblia.work\/diccionarios\/wp-json\/wp\/v2\/posts\/12709\/revisions"}],"wp:attachment":[{"href":"https:\/\/www.biblia.work\/diccionarios\/wp-json\/wp\/v2\/media?parent=12709"}],"wp:term":[{"taxonomy":"category","embeddable":true,"href":"https:\/\/www.biblia.work\/diccionarios\/wp-json\/wp\/v2\/categories?post=12709"},{"taxonomy":"post_tag","embeddable":true,"href":"https:\/\/www.biblia.work\/diccionarios\/wp-json\/wp\/v2\/tags?post=12709"}],"curies":[{"name":"wp","href":"https:\/\/api.w.org\/{rel}","templated":true}]}}