{"id":12730,"date":"2016-02-05T08:38:10","date_gmt":"2016-02-05T13:38:10","guid":{"rendered":"http:\/\/www.biblia.work\/diccionarios\/palau-beato-francisco\/"},"modified":"2016-02-05T08:38:10","modified_gmt":"2016-02-05T13:38:10","slug":"palau-beato-francisco","status":"publish","type":"post","link":"https:\/\/www.biblia.work\/diccionarios\/palau-beato-francisco\/","title":{"rendered":"PALAU. BEATO FRANCISCO"},"content":{"rendered":"<p>[967] (1811-1872)<\/p>\n<p>     Fundador de las \u00abCarmelitas Misioneras\u00bb en 1860. Naci\u00f3 en 1811 en Aytona (L\u00e9rida) de familia modesta. En 1824 inici\u00f3 sus estudios en el Seminario de L\u00e9rida y en 1832 visti\u00f3 el H\u00e1bito carmelita en el Convento de S. Jos\u00e9, en Barcelona.<\/p>\n<p>    En 1835, a punto de ordenarse sacerdote, los religiosos fueron expulsados de su convento, que qued\u00f3 incendiado. Detenido, fue encerrado con los otros j\u00f3venes estudiantes en la c\u00e1rcel de la Ciudadela. El Decreto del 9 de Marzo de 1836 destruy\u00f3 todas las Ordenes religiosas y someti\u00f3 a los Ordenados in sacris a los Prelados Diocesanos. El 2 de Abril se orden\u00f3 sacerdote en la Catedral de Barbastro. Trabaj\u00f3 como Misionero Popular en la zona catalana sometida a los carlistas. Al frecuentar los grupos rebeldes, se le fich\u00f3 como peligroso<br \/>\n    En 1841 tuvo que salir a Francia como exiliado. Trabaj\u00f3 entre los refugiados en Perpi\u00f1\u00e1n dos a\u00f1os y en la Di\u00f3cesis de Montauban durante nueve. Despu\u00e9s vivi\u00f3 como solitario en la Ermita de Ntra. Sra. de Livron, en torno a la cual organiz\u00f3 grupos de contemplativos y misiones apost\u00f3licas en favor de los refugiados.<\/p>\n<p>    En 1851, con el Concordato, regres\u00f3 a la Di\u00f3cesis de Barcelona. Organiz\u00f3 una \u00abEscuela de las Virtudes\u00bb, en la Parroquia de S. Agust\u00ed\u00adn, consistente un tipo de Catequesis de adultos, din\u00e1mica y atractiva. En 1854 las autoridades decretaron el cierre de la \u00abEscuela de Las Virtudes\u00bb y \u00e9l fue desterrado a Ibiza por las autoridades militares.<\/p>\n<p>    En 1857 se le levant\u00f3 el destierro, salvo para entrar en Catalu\u00f1a, por la desconfianza que inspiraba.  En 1858 fue a Barcelona, suponiendo que hab\u00ed\u00ada sido indultado y de nuevo fue detenido y confinado en Ibiza. Llev\u00f3 vida de Eremita y organiz\u00f3 en su entorno comunidades masculinas y femeninas de Carmelitas misioneros. Fue indultado por fin en 1859.<\/p>\n<p>   En 1860 su obra comenz\u00f3 a extenderse por Catalu\u00f1a, Baleares y Arag\u00f3n. Sigui\u00f3 varios a\u00f1os como Misionero Apost\u00f3lico, t\u00ed\u00adtulo obtenido de Roma. Escribi\u00f3 en ese per\u00ed\u00adodo varias de sus obras: \u00abLa lucha del alma con Dios\u00bb, \u00abLa vida solitaria\u00bb, \u00abCatecismo de las virtudes\u00bb, \u00abFlores de Mayo o mes de Mar\u00ed\u00ada\u00bb, \u00abLa escuela de las Virtudes vindicada\u00bb, \u00abLa Iglesia de Dios figurada por la Escritura en los Libros Santos\u00bb y \u00abRelaciones con la Iglesia\u00bb.<\/p>\n<p>    En 1866 fue a Roma para hablar con las autoridades eclesi\u00e1sticas sobre el \u00abMinisterio de los Exorcismos\u00bb y sobre la lucha contra el Demonio, que tantas veces se ha hecho presente en sus misiones. Sus observaciones no fueron atendidas. En 1867 fue designado, por parte del Comisario apost\u00f3lico de los Carmelitas en Espa\u00f1a, como Director General de los Terciarios Carmelitas de toda la naci\u00f3n. Dise\u00f1\u00f3 el Semanario Cat\u00f3lico \u00abEl Ermita\u00f1o\u00bb, que comenz\u00f3 a salir en 1873, con art\u00ed\u00adculos suyo en sus p\u00e1ginas.<\/p>\n<p>     En 1870 intent\u00f3 ofrecer a los Padres del Concilio Vaticano I un proyecto de atenci\u00f3n a posesos pero no tuvo mucho \u00e9xito. Al volver a Espa\u00f1a fue encarcelado de nuevo, bajo acusaci\u00f3n de pr\u00e1cticas de medicina con marginados. Fue absuelto ante lo falso de las acusaciones.<\/p>\n<p>    Falleci\u00f3 el 20 de Mayo de 1872 en Tarragona, luego de breve enfermedad. Fue Beatificado por Juan Pablo II el 24 de Abril de 1988.<\/p>\n<p>Pedro Chico Gonz\u00e1lez, Diccionario de Catequesis y Pedagog\u00ed\u00ada Religiosa, Editorial Bru\u00f1o, Lima, Per\u00fa 2006<\/p>\n<p><b>Fuente: Diccionario de Catequesis y Pedagog\u00eda Religiosa<\/b><\/p>\n","protected":false},"excerpt":{"rendered":"<p>[967] (1811-1872) Fundador de las \u00abCarmelitas Misioneras\u00bb en 1860. Naci\u00f3 en 1811 en Aytona (L\u00e9rida) de familia modesta. En 1824 inici\u00f3 sus estudios en el Seminario de L\u00e9rida y en 1832 visti\u00f3 el H\u00e1bito carmelita en el Convento de S. Jos\u00e9, en Barcelona. En 1835, a punto de ordenarse sacerdote, los religiosos fueron expulsados de &hellip; <a href=\"https:\/\/www.biblia.work\/diccionarios\/palau-beato-francisco\/\" class=\"more-link\">Continuar leyendo<span class=\"screen-reader-text\"> \u00abPALAU. BEATO FRANCISCO\u00bb<\/span><\/a><\/p>\n","protected":false},"author":1,"featured_media":0,"comment_status":"open","ping_status":"open","sticky":false,"template":"","format":"standard","meta":{"footnotes":""},"categories":[4],"tags":[],"class_list":["post-12730","post","type-post","status-publish","format-standard","hentry","category-diccionario"],"_links":{"self":[{"href":"https:\/\/www.biblia.work\/diccionarios\/wp-json\/wp\/v2\/posts\/12730","targetHints":{"allow":["GET"]}}],"collection":[{"href":"https:\/\/www.biblia.work\/diccionarios\/wp-json\/wp\/v2\/posts"}],"about":[{"href":"https:\/\/www.biblia.work\/diccionarios\/wp-json\/wp\/v2\/types\/post"}],"author":[{"embeddable":true,"href":"https:\/\/www.biblia.work\/diccionarios\/wp-json\/wp\/v2\/users\/1"}],"replies":[{"embeddable":true,"href":"https:\/\/www.biblia.work\/diccionarios\/wp-json\/wp\/v2\/comments?post=12730"}],"version-history":[{"count":0,"href":"https:\/\/www.biblia.work\/diccionarios\/wp-json\/wp\/v2\/posts\/12730\/revisions"}],"wp:attachment":[{"href":"https:\/\/www.biblia.work\/diccionarios\/wp-json\/wp\/v2\/media?parent=12730"}],"wp:term":[{"taxonomy":"category","embeddable":true,"href":"https:\/\/www.biblia.work\/diccionarios\/wp-json\/wp\/v2\/categories?post=12730"},{"taxonomy":"post_tag","embeddable":true,"href":"https:\/\/www.biblia.work\/diccionarios\/wp-json\/wp\/v2\/tags?post=12730"}],"curies":[{"name":"wp","href":"https:\/\/api.w.org\/{rel}","templated":true}]}}