{"id":12733,"date":"2016-02-05T08:38:16","date_gmt":"2016-02-05T13:38:16","guid":{"rendered":"http:\/\/www.biblia.work\/diccionarios\/palestrina-giovanni-pierluigi\/"},"modified":"2016-02-05T08:38:16","modified_gmt":"2016-02-05T13:38:16","slug":"palestrina-giovanni-pierluigi","status":"publish","type":"post","link":"https:\/\/www.biblia.work\/diccionarios\/palestrina-giovanni-pierluigi\/","title":{"rendered":"PALESTRINA. GIOVANNI PIERLUIGI"},"content":{"rendered":"<p>[954](1525-1594)<br \/>\n  Naci\u00f3 en Roma hacia el 1525. Fue cantor en Santa Mar\u00ed\u00ada la Mayor y all\u00ed\u00ad se form\u00f3 inicialmente en el gusto musical. Luego fue maestro de coro y organista en la llamada Capilla Julia en San Pedro entre 1551 y 1554, para pasar por deseo de Julio III a la Capillla Sixtina. En 1554 fue publicado su primer libro de misas dedicado al Papa. Al llegar Paulo IV se impuso la disciplina que no admit\u00ed\u00ada en la Capilla Sixtina m\u00fasicos casados (\u00e9l lo estaba y ten\u00ed\u00ada ya cuatro hijos), dej\u00f3 el Vaticano y fue a la capilla de San Juan de Letr\u00e1n y luego a Sta. Mar\u00ed\u00ada La Mayor.<\/p>\n<p>     Ense\u00f1\u00f3 al mismo tiempo m\u00fasica en el Seminario mayor. Al morir en 1571 G. Giovanni Animuccia, (1500-1571)  tom\u00f3 de nuevo la direcci\u00f3n de la Capilla Julia en San Pedro, sin querer otros encargos, como el de la Corte de Viena,  que se le ofrec\u00ed\u00ada. Muri\u00f3 en Roma en 1594.<\/p>\n<p>     Sus obras y composiciones fueron objeto de admiraci\u00f3n y aprecio general. Nada menos que 103 misas a 4 y a 8 voces compuso, entre las que fue famosa la \u00abMisa del Papa Marcelo\u00bb. Se conservan unos 400 motetes y multitud de otras composiciones: 40 salmos, 120 madrigales, espirituales y profanos.<\/p>\n<p>    Su figura fue proverbial en Roma, en donde se le conoci\u00f3 con el t\u00ed\u00adtulo de \u00abPr\u00ed\u00adncipe de la M\u00fasica\u00bb, como consta en la l\u00e1pida funeraria que se\u00f1ala su modesto sepulcro en San Pedro del Vaticano.<\/p>\n<p>Pedro Chico Gonz\u00e1lez, Diccionario de Catequesis y Pedagog\u00ed\u00ada Religiosa, Editorial Bru\u00f1o, Lima, Per\u00fa 2006<\/p>\n<p><b>Fuente: Diccionario de Catequesis y Pedagog\u00eda Religiosa<\/b><\/p>\n","protected":false},"excerpt":{"rendered":"<p>[954](1525-1594) Naci\u00f3 en Roma hacia el 1525. Fue cantor en Santa Mar\u00ed\u00ada la Mayor y all\u00ed\u00ad se form\u00f3 inicialmente en el gusto musical. Luego fue maestro de coro y organista en la llamada Capilla Julia en San Pedro entre 1551 y 1554, para pasar por deseo de Julio III a la Capillla Sixtina. En 1554 &hellip; <a href=\"https:\/\/www.biblia.work\/diccionarios\/palestrina-giovanni-pierluigi\/\" class=\"more-link\">Continuar leyendo<span class=\"screen-reader-text\"> \u00abPALESTRINA. GIOVANNI PIERLUIGI\u00bb<\/span><\/a><\/p>\n","protected":false},"author":1,"featured_media":0,"comment_status":"open","ping_status":"open","sticky":false,"template":"","format":"standard","meta":{"footnotes":""},"categories":[4],"tags":[],"class_list":["post-12733","post","type-post","status-publish","format-standard","hentry","category-diccionario"],"_links":{"self":[{"href":"https:\/\/www.biblia.work\/diccionarios\/wp-json\/wp\/v2\/posts\/12733","targetHints":{"allow":["GET"]}}],"collection":[{"href":"https:\/\/www.biblia.work\/diccionarios\/wp-json\/wp\/v2\/posts"}],"about":[{"href":"https:\/\/www.biblia.work\/diccionarios\/wp-json\/wp\/v2\/types\/post"}],"author":[{"embeddable":true,"href":"https:\/\/www.biblia.work\/diccionarios\/wp-json\/wp\/v2\/users\/1"}],"replies":[{"embeddable":true,"href":"https:\/\/www.biblia.work\/diccionarios\/wp-json\/wp\/v2\/comments?post=12733"}],"version-history":[{"count":0,"href":"https:\/\/www.biblia.work\/diccionarios\/wp-json\/wp\/v2\/posts\/12733\/revisions"}],"wp:attachment":[{"href":"https:\/\/www.biblia.work\/diccionarios\/wp-json\/wp\/v2\/media?parent=12733"}],"wp:term":[{"taxonomy":"category","embeddable":true,"href":"https:\/\/www.biblia.work\/diccionarios\/wp-json\/wp\/v2\/categories?post=12733"},{"taxonomy":"post_tag","embeddable":true,"href":"https:\/\/www.biblia.work\/diccionarios\/wp-json\/wp\/v2\/tags?post=12733"}],"curies":[{"name":"wp","href":"https:\/\/api.w.org\/{rel}","templated":true}]}}