{"id":12861,"date":"2016-02-05T08:42:08","date_gmt":"2016-02-05T13:42:08","guid":{"rendered":"http:\/\/www.biblia.work\/diccionarios\/pedro-claver-san\/"},"modified":"2016-02-05T08:42:08","modified_gmt":"2016-02-05T13:42:08","slug":"pedro-claver-san","status":"publish","type":"post","link":"https:\/\/www.biblia.work\/diccionarios\/pedro-claver-san\/","title":{"rendered":"PEDRO CLAVER. SAN"},"content":{"rendered":"<p>[957](1581-1654)<br \/>\n Jesuita espa\u00f1ol, de ascendencia catalana de Verd\u00fa, en Solsona. Enviado a Am\u00e9rica 1610, se entreg\u00f3 en Cartagena de Indias a atender lo barcos negreros que llegaban al mercado del Caribe. Recibi\u00f3 la ordenaci\u00f3n en 1616. Su ilusi\u00f3n era instruirles en la doctrina cristiana, ya que no pod\u00ed\u00ada rescatarlos para darles la libertad. As\u00ed\u00ad estuvo casi cuarenta a\u00f1os, entre mil dificultades por parte de los negreros, pero con efectos consoladores en los pobres esclavos.<\/p>\n<p>     A pesar de todo, hizo un labor magn\u00ed\u00adfica entre los enfermos y moribundos. Se calcula que bautiz\u00f3 a unos 300.000 a lo largo de los a\u00f1os. Y se le record\u00f3 siempre como misionero celoso en el ambiente hostil que le toc\u00f3 vivir. Fue canonizado por Le\u00f3n XIII en 1888.<\/p>\n<p>Pedro Chico Gonz\u00e1lez, Diccionario de Catequesis y Pedagog\u00ed\u00ada Religiosa, Editorial Bru\u00f1o, Lima, Per\u00fa 2006<\/p>\n<p><b>Fuente: Diccionario de Catequesis y Pedagog\u00eda Religiosa<\/b><\/p>\n","protected":false},"excerpt":{"rendered":"<p>[957](1581-1654) Jesuita espa\u00f1ol, de ascendencia catalana de Verd\u00fa, en Solsona. Enviado a Am\u00e9rica 1610, se entreg\u00f3 en Cartagena de Indias a atender lo barcos negreros que llegaban al mercado del Caribe. Recibi\u00f3 la ordenaci\u00f3n en 1616. Su ilusi\u00f3n era instruirles en la doctrina cristiana, ya que no pod\u00ed\u00ada rescatarlos para darles la libertad. As\u00ed\u00ad estuvo &hellip; <a href=\"https:\/\/www.biblia.work\/diccionarios\/pedro-claver-san\/\" class=\"more-link\">Continuar leyendo<span class=\"screen-reader-text\"> \u00abPEDRO CLAVER. SAN\u00bb<\/span><\/a><\/p>\n","protected":false},"author":1,"featured_media":0,"comment_status":"open","ping_status":"open","sticky":false,"template":"","format":"standard","meta":{"footnotes":""},"categories":[4],"tags":[],"class_list":["post-12861","post","type-post","status-publish","format-standard","hentry","category-diccionario"],"_links":{"self":[{"href":"https:\/\/www.biblia.work\/diccionarios\/wp-json\/wp\/v2\/posts\/12861","targetHints":{"allow":["GET"]}}],"collection":[{"href":"https:\/\/www.biblia.work\/diccionarios\/wp-json\/wp\/v2\/posts"}],"about":[{"href":"https:\/\/www.biblia.work\/diccionarios\/wp-json\/wp\/v2\/types\/post"}],"author":[{"embeddable":true,"href":"https:\/\/www.biblia.work\/diccionarios\/wp-json\/wp\/v2\/users\/1"}],"replies":[{"embeddable":true,"href":"https:\/\/www.biblia.work\/diccionarios\/wp-json\/wp\/v2\/comments?post=12861"}],"version-history":[{"count":0,"href":"https:\/\/www.biblia.work\/diccionarios\/wp-json\/wp\/v2\/posts\/12861\/revisions"}],"wp:attachment":[{"href":"https:\/\/www.biblia.work\/diccionarios\/wp-json\/wp\/v2\/media?parent=12861"}],"wp:term":[{"taxonomy":"category","embeddable":true,"href":"https:\/\/www.biblia.work\/diccionarios\/wp-json\/wp\/v2\/categories?post=12861"},{"taxonomy":"post_tag","embeddable":true,"href":"https:\/\/www.biblia.work\/diccionarios\/wp-json\/wp\/v2\/tags?post=12861"}],"curies":[{"name":"wp","href":"https:\/\/api.w.org\/{rel}","templated":true}]}}