{"id":12866,"date":"2016-02-05T08:42:17","date_gmt":"2016-02-05T13:42:17","guid":{"rendered":"http:\/\/www.biblia.work\/diccionarios\/pedro-de-alcantara-san\/"},"modified":"2016-02-05T08:42:17","modified_gmt":"2016-02-05T13:42:17","slug":"pedro-de-alcantara-san","status":"publish","type":"post","link":"https:\/\/www.biblia.work\/diccionarios\/pedro-de-alcantara-san\/","title":{"rendered":"PEDRO DE  ALCANTARA. SAN"},"content":{"rendered":"<p>[955](1499-1562).<\/p>\n<p>      Se llamaba Pedro Garavita y naci\u00f3 en Alc\u00e1ntara, en Extremadura. Ingres\u00f3 como franciscano y llev\u00f3 una vida de penitencia intensa. Fue Superior del convento de Lapa. All\u00ed\u00ad escribi\u00f3 un libro espiritual y propio \u00abTratado de la Oraci\u00f3n y de la Meditaci\u00f3n\u00bb, obra maestra traducida a las principales lenguas occidentales.<\/p>\n<p>    Hacia 1556, siendo Provincial ya de Castilla, inici\u00f3 la reforma franciscana de su Provincia en los conventos de Pedrosa y de Plasencia. Julio III le mand\u00f3 un Breve autoriz\u00e1ndole a fundar m\u00e1s conventos en su l\u00ed\u00adnea. Pronto qued\u00f3 organizada la Provincia reformada como Congregaci\u00f3n aut\u00f3noma y se extendi\u00f3 por Espa\u00f1a con el nombre de \u00abFranciscanos de la Estricta Observancia\u00bb, vulgarmente llamados \u00abalcantarinos\u00bb por el nombre del Reformador.<\/p>\n<p>    Ayud\u00f3 a Santa Teresa en la fundaci\u00f3n de la primera casa de carmelitas reformadas. Muri\u00f3 en el convento de Arenas de San Pedro el 18 de octubre de 1562. Fue beatificado en 1622 y fue canonizado en 1669.<\/p>\n<p>Pedro Chico Gonz\u00e1lez, Diccionario de Catequesis y Pedagog\u00ed\u00ada Religiosa, Editorial Bru\u00f1o, Lima, Per\u00fa 2006<\/p>\n<p><b>Fuente: Diccionario de Catequesis y Pedagog\u00eda Religiosa<\/b><\/p>\n","protected":false},"excerpt":{"rendered":"<p>[955](1499-1562). Se llamaba Pedro Garavita y naci\u00f3 en Alc\u00e1ntara, en Extremadura. Ingres\u00f3 como franciscano y llev\u00f3 una vida de penitencia intensa. Fue Superior del convento de Lapa. All\u00ed\u00ad escribi\u00f3 un libro espiritual y propio \u00abTratado de la Oraci\u00f3n y de la Meditaci\u00f3n\u00bb, obra maestra traducida a las principales lenguas occidentales. Hacia 1556, siendo Provincial ya &hellip; <a href=\"https:\/\/www.biblia.work\/diccionarios\/pedro-de-alcantara-san\/\" class=\"more-link\">Continuar leyendo<span class=\"screen-reader-text\"> \u00abPEDRO DE  ALCANTARA. SAN\u00bb<\/span><\/a><\/p>\n","protected":false},"author":1,"featured_media":0,"comment_status":"open","ping_status":"open","sticky":false,"template":"","format":"standard","meta":{"footnotes":""},"categories":[4],"tags":[],"class_list":["post-12866","post","type-post","status-publish","format-standard","hentry","category-diccionario"],"_links":{"self":[{"href":"https:\/\/www.biblia.work\/diccionarios\/wp-json\/wp\/v2\/posts\/12866","targetHints":{"allow":["GET"]}}],"collection":[{"href":"https:\/\/www.biblia.work\/diccionarios\/wp-json\/wp\/v2\/posts"}],"about":[{"href":"https:\/\/www.biblia.work\/diccionarios\/wp-json\/wp\/v2\/types\/post"}],"author":[{"embeddable":true,"href":"https:\/\/www.biblia.work\/diccionarios\/wp-json\/wp\/v2\/users\/1"}],"replies":[{"embeddable":true,"href":"https:\/\/www.biblia.work\/diccionarios\/wp-json\/wp\/v2\/comments?post=12866"}],"version-history":[{"count":0,"href":"https:\/\/www.biblia.work\/diccionarios\/wp-json\/wp\/v2\/posts\/12866\/revisions"}],"wp:attachment":[{"href":"https:\/\/www.biblia.work\/diccionarios\/wp-json\/wp\/v2\/media?parent=12866"}],"wp:term":[{"taxonomy":"category","embeddable":true,"href":"https:\/\/www.biblia.work\/diccionarios\/wp-json\/wp\/v2\/categories?post=12866"},{"taxonomy":"post_tag","embeddable":true,"href":"https:\/\/www.biblia.work\/diccionarios\/wp-json\/wp\/v2\/tags?post=12866"}],"curies":[{"name":"wp","href":"https:\/\/api.w.org\/{rel}","templated":true}]}}