{"id":12869,"date":"2016-02-05T08:42:22","date_gmt":"2016-02-05T13:42:22","guid":{"rendered":"http:\/\/www.biblia.work\/diccionarios\/pelczar-beato-sebastian\/"},"modified":"2016-02-05T08:42:22","modified_gmt":"2016-02-05T13:42:22","slug":"pelczar-beato-sebastian","status":"publish","type":"post","link":"https:\/\/www.biblia.work\/diccionarios\/pelczar-beato-sebastian\/","title":{"rendered":"PELCZAR. BEATO SEBASTIAN"},"content":{"rendered":"<p>[967] (1842-1924)<br \/>\n   Obispo de Przemysl (Galitzia Polaca) Fundador de las Esclavas del Sdo. Coraz\u00f3n de Jes\u00fas de Cracovia. Naci\u00f3 en Korczyna, cerca de Krosno en 1842. Se form\u00f3 en el Seminario diocesano de Przemysl donde ingres\u00f3 en 1860. Termin\u00f3 los estudios en Roma entre 1865 y 1868 donde obtuvo el Doctorado en Derecho Can\u00f3nico. Por entonces public\u00f3 un manual para educaci\u00f3n de sacerdotes, titulado \u00abLa vida Espiritual\u00bb. Regresado a Polonia escribi\u00f3 otros libros: \u00abP\u00ed\u00ado IX y su pontificado\u00bb.<\/p>\n<p>     Profesor de Teolog\u00ed\u00ada en la Universidad y en el Seminario, se gan\u00f3 la confianza de los j\u00f3venes y result\u00f3 popular entre ellos. En 1872 peregrin\u00f3 a Tierra Santa y sus impresiones quedaron en otro libro: \u00abLa Tierra Santa y el Islam\u00bb.<\/p>\n<p>     Fue un tiempo Rector de la Universidad de Cracovia, la llamada Jagelliana. Escribi\u00f3 en ese tiempo \u00abSobre la necesidad de la religi\u00f3n y sobre las causas del ate\u00ed\u00adsmo\u00bb.<\/p>\n<p>     Combin\u00f3 su vida intelectual con las obras de caridad en la ciudad, llena de necesitados y de campesinos j\u00f3venes emigrados. Fue entonces, en 1895, cuando fund\u00f3 su Instituto para atender a tantos necesitados, a partir de una Asociaci\u00f3n mariana de j\u00f3venes que le ayudaban en sus obrar de caridad.<\/p>\n<p>     Nombrado obispo en 1899, primero como Auxiliar \u00abpara los latinos\u00bb y luego como titular de la di\u00f3cesis de Przemysl, mantuvo la sencillez de su vida y se entreg\u00f3 a su tarea pastoral con verdadera abnegaci\u00f3n. Su preferencia estuvo siempre en la educaci\u00f3n de los pobres y en la asistencia a los abandonados. Pero fue la atenci\u00f3n prioritaria a las obras de juventud lo que llen\u00f3 su vida sacerdotal.<\/p>\n<p>     Muri\u00f3 el 26 de mayo de 1924. Adem\u00e1s de sus muchas obras buenas, dejaba algunos escritos: \u00abMeditaciones para religiosas\u00bb, \u00abCompendio hist\u00f3rico de la caridad en la Iglesia Cat\u00f3lica\u00bb, \u00abExhortaci\u00f3n al trabajo para el renacimiento de la naci\u00f3n polaca\u00bb y \u00abEl Sdo. Coraz\u00f3n de Jes\u00fas\u00bb. S\u00f3lo los t\u00ed\u00adtulos ya indican su diversidad de atenciones e inquietud.<\/p>\n<p>     Fue beatificado por Juan Pablo II en 1991 y canonizado el 18 de Mayo del a\u00f1o 2003.<\/p>\n<p>Pedro Chico Gonz\u00e1lez, Diccionario de Catequesis y Pedagog\u00ed\u00ada Religiosa, Editorial Bru\u00f1o, Lima, Per\u00fa 2006<\/p>\n<p><b>Fuente: Diccionario de Catequesis y Pedagog\u00eda Religiosa<\/b><\/p>\n","protected":false},"excerpt":{"rendered":"<p>[967] (1842-1924) Obispo de Przemysl (Galitzia Polaca) Fundador de las Esclavas del Sdo. Coraz\u00f3n de Jes\u00fas de Cracovia. Naci\u00f3 en Korczyna, cerca de Krosno en 1842. Se form\u00f3 en el Seminario diocesano de Przemysl donde ingres\u00f3 en 1860. Termin\u00f3 los estudios en Roma entre 1865 y 1868 donde obtuvo el Doctorado en Derecho Can\u00f3nico. Por &hellip; <a href=\"https:\/\/www.biblia.work\/diccionarios\/pelczar-beato-sebastian\/\" class=\"more-link\">Continuar leyendo<span class=\"screen-reader-text\"> \u00abPELCZAR. BEATO SEBASTIAN\u00bb<\/span><\/a><\/p>\n","protected":false},"author":1,"featured_media":0,"comment_status":"open","ping_status":"open","sticky":false,"template":"","format":"standard","meta":{"footnotes":""},"categories":[4],"tags":[],"class_list":["post-12869","post","type-post","status-publish","format-standard","hentry","category-diccionario"],"_links":{"self":[{"href":"https:\/\/www.biblia.work\/diccionarios\/wp-json\/wp\/v2\/posts\/12869","targetHints":{"allow":["GET"]}}],"collection":[{"href":"https:\/\/www.biblia.work\/diccionarios\/wp-json\/wp\/v2\/posts"}],"about":[{"href":"https:\/\/www.biblia.work\/diccionarios\/wp-json\/wp\/v2\/types\/post"}],"author":[{"embeddable":true,"href":"https:\/\/www.biblia.work\/diccionarios\/wp-json\/wp\/v2\/users\/1"}],"replies":[{"embeddable":true,"href":"https:\/\/www.biblia.work\/diccionarios\/wp-json\/wp\/v2\/comments?post=12869"}],"version-history":[{"count":0,"href":"https:\/\/www.biblia.work\/diccionarios\/wp-json\/wp\/v2\/posts\/12869\/revisions"}],"wp:attachment":[{"href":"https:\/\/www.biblia.work\/diccionarios\/wp-json\/wp\/v2\/media?parent=12869"}],"wp:term":[{"taxonomy":"category","embeddable":true,"href":"https:\/\/www.biblia.work\/diccionarios\/wp-json\/wp\/v2\/categories?post=12869"},{"taxonomy":"post_tag","embeddable":true,"href":"https:\/\/www.biblia.work\/diccionarios\/wp-json\/wp\/v2\/tags?post=12869"}],"curies":[{"name":"wp","href":"https:\/\/api.w.org\/{rel}","templated":true}]}}