{"id":12871,"date":"2016-02-05T08:42:26","date_gmt":"2016-02-05T13:42:26","guid":{"rendered":"http:\/\/www.biblia.work\/diccionarios\/pelletier-santa-maria-eufrasia\/"},"modified":"2016-02-05T08:42:26","modified_gmt":"2016-02-05T13:42:26","slug":"pelletier-santa-maria-eufrasia","status":"publish","type":"post","link":"https:\/\/www.biblia.work\/diccionarios\/pelletier-santa-maria-eufrasia\/","title":{"rendered":"PELLETIER.  SANTA MARIA EUFRASIA"},"content":{"rendered":"<p>[961]  (1796-1868)<\/p>\n<p>      Fundadora de las \u00abReligiosas de la Caridad del Buen Pastor\u00bb en 1835. Naci\u00f3 en Francia en 1896. Se educ\u00f3 en el pensionado de la Asociaci\u00f3n cristiana de Soullans. En 1814 ingres\u00f3 en las religiosas de La Caridad, fundadas por S. Juan Eudes.<\/p>\n<p>    Trabaj\u00f3 luego como educadora de j\u00f3venes y luego fue enviada a Tours como Superiora del monasterio. Fund\u00f3 el monasterio de Angers del Buen Pastor y fue luego como Superiora. Tuvo que declararse en Congregaci\u00f3n aut\u00f3noma en 1835 por las circunstancias y con el apoyo y consejo del Obispo de Angers.<\/p>\n<p>    Las vocaciones y las demandas de nuevas obras educativas se fueron multiplicando: Par\u00ed\u00ads, Roma, Canad\u00e1, Or\u00e1n, adem\u00e1s de varios lugares de Francia.<\/p>\n<p>    Al morir el 24 de Abril de 1868, dejaba 110 casas organizadas en 16 provincias con 2000 religiosas en 15 naciones.<\/p>\n<p>    Fue beatificada por P\u00ed\u00ado XI en 1933 y canonizada por P\u00ed\u00ado XII en 1940.<\/p>\n<p>Pedro Chico Gonz\u00e1lez, Diccionario de Catequesis y Pedagog\u00ed\u00ada Religiosa, Editorial Bru\u00f1o, Lima, Per\u00fa 2006<\/p>\n<p><b>Fuente: Diccionario de Catequesis y Pedagog\u00eda Religiosa<\/b><\/p>\n","protected":false},"excerpt":{"rendered":"<p>[961] (1796-1868) Fundadora de las \u00abReligiosas de la Caridad del Buen Pastor\u00bb en 1835. Naci\u00f3 en Francia en 1896. Se educ\u00f3 en el pensionado de la Asociaci\u00f3n cristiana de Soullans. En 1814 ingres\u00f3 en las religiosas de La Caridad, fundadas por S. Juan Eudes. Trabaj\u00f3 luego como educadora de j\u00f3venes y luego fue enviada a &hellip; <a href=\"https:\/\/www.biblia.work\/diccionarios\/pelletier-santa-maria-eufrasia\/\" class=\"more-link\">Continuar leyendo<span class=\"screen-reader-text\"> \u00abPELLETIER.  SANTA MARIA EUFRASIA\u00bb<\/span><\/a><\/p>\n","protected":false},"author":1,"featured_media":0,"comment_status":"open","ping_status":"open","sticky":false,"template":"","format":"standard","meta":{"footnotes":""},"categories":[4],"tags":[],"class_list":["post-12871","post","type-post","status-publish","format-standard","hentry","category-diccionario"],"_links":{"self":[{"href":"https:\/\/www.biblia.work\/diccionarios\/wp-json\/wp\/v2\/posts\/12871","targetHints":{"allow":["GET"]}}],"collection":[{"href":"https:\/\/www.biblia.work\/diccionarios\/wp-json\/wp\/v2\/posts"}],"about":[{"href":"https:\/\/www.biblia.work\/diccionarios\/wp-json\/wp\/v2\/types\/post"}],"author":[{"embeddable":true,"href":"https:\/\/www.biblia.work\/diccionarios\/wp-json\/wp\/v2\/users\/1"}],"replies":[{"embeddable":true,"href":"https:\/\/www.biblia.work\/diccionarios\/wp-json\/wp\/v2\/comments?post=12871"}],"version-history":[{"count":0,"href":"https:\/\/www.biblia.work\/diccionarios\/wp-json\/wp\/v2\/posts\/12871\/revisions"}],"wp:attachment":[{"href":"https:\/\/www.biblia.work\/diccionarios\/wp-json\/wp\/v2\/media?parent=12871"}],"wp:term":[{"taxonomy":"category","embeddable":true,"href":"https:\/\/www.biblia.work\/diccionarios\/wp-json\/wp\/v2\/categories?post=12871"},{"taxonomy":"post_tag","embeddable":true,"href":"https:\/\/www.biblia.work\/diccionarios\/wp-json\/wp\/v2\/tags?post=12871"}],"curies":[{"name":"wp","href":"https:\/\/api.w.org\/{rel}","templated":true}]}}