{"id":13565,"date":"2016-02-05T09:03:54","date_gmt":"2016-02-05T14:03:54","guid":{"rendered":"http:\/\/www.biblia.work\/diccionarios\/sales-san-francisco-de\/"},"modified":"2016-02-05T09:03:54","modified_gmt":"2016-02-05T14:03:54","slug":"sales-san-francisco-de","status":"publish","type":"post","link":"https:\/\/www.biblia.work\/diccionarios\/sales-san-francisco-de\/","title":{"rendered":"SALES. SAN FRANCISCO DE"},"content":{"rendered":"<p>[955] (1567-1622)<\/p>\n<p>     Obispo de Ginebra, Fundador de las Religiosas de la Visitaci\u00f3n en 1610. Gigante de la Pedagog\u00ed\u00ada cristiana por la claridad de su esp\u00ed\u00adritu, por la belleza de su coraz\u00f3n y por la profundidad de su doctrina asc\u00e9tica, pastoral, eclesial y cristoc\u00e9ntrica. Sus intuiciones han orientado multitud de obras posteriores. Y su amor ardiente a las almas ha inspirado a muchos, que descubrieron en sus escritos lo que es trabajar por la Iglesia.<\/p>\n<p>    Naci\u00f3 en 1567 en el Castillo de Thorens, cerca de Ginebra. Estudi\u00f3 con los Capuchinos en Annecy. Luego sigui\u00f3 estudios en Par\u00ed\u00ads con los jesuitas. Y en 1588 estudi\u00f3 Derecho en Padua. En 1591 obtuvo el Doctorado en ambos Derechos y en Teolog\u00ed\u00ada. El 18 de Diciembre de 1593 recibi\u00f3 en Ginebra la ordenaci\u00f3n sacerdotal. En 1594 el Duque de Saboya, su Obispo Claudio de Granier, le confi\u00f3 la predicaci\u00f3n a los herejes de Chablais. Escribi\u00f3 para los que no le quer\u00ed\u00adan escuchar, en forma de hojas sueltas, las \u00abMeditaciones sobre la Iglesia\u00bb, que los herejes le\u00ed\u00adan en secreto cumpliendo su intenci\u00f3n de informar.<\/p>\n<p>     En 1596 fue designado para la parroquia de S. Hip\u00f3lito, en Thonon. Logr\u00f3 la conversi\u00f3n de m\u00e1s de 3.000 calvinistas, en presencia del Nuncio y del Duque de Saboya. En 1598 predic\u00f3 en Roma ante el Papa Clemente VIII. Fue designado Obispo coadjutor de Ginebra. Fue consagrado el 8 de Diciembre de 1602, por Mons. Grimaldo, Arzobispo de Viena.<\/p>\n<p>    En 1604 conoci\u00f3 en Dij\u00f3n a la Baronesa Juana Francisca Fremiot de Chantal, a quien confi\u00f3 la educaci\u00f3n de su hermana peque\u00f1a. Con ella comenz\u00f3 a perfilar el Instituto de la Visitaci\u00f3n de Nuestra Se\u00f1ora. En 1609 escribi\u00f3 su obra m\u00e1s popular: \u00abIntroducci\u00f3n a la vida devota\u00bb. Increment\u00f3 sus actividades de predicador.  En 1616 sac\u00f3 su obra m\u00e1s sistem\u00e1ticas: \u00abTratado del Amor de Dios.\u00bb<br \/>\n    En 1622 falleci\u00f3 v\u00ed\u00adctima de una apoplej\u00ed\u00ada, despu\u00e9s de intensos a\u00f1os de predicaci\u00f3n y de haber transformado Ginebra, de donde, como Obispo, era tambi\u00e9n pr\u00ed\u00adncipe. Fue beatificado en el 28 de Diciembre de 1661 por Alejandro VII y canonizado el 19 de Abril de 1665. El 19 de Julio de 1877 fue declarado Doctor de la Iglesia por P\u00ed\u00ado IX. Tradicionalmente se le considera patrono de los periodistas por la abundancia de sus escritos y el valor significativo que dio a los escritos para llegar a las almas de lo que se empecinaban en el error.<\/p>\n<p>     Adem\u00e1s de los citados escritos, dej\u00f3 gran cantidad de libros y folletos, entre los que se pueden citar: \u00abMeditaciones sobre la Iglesia\u00bb, \u00abEstandarte de la Cruz\u00bb, \u00abConversaciones espirituales\u00bb y \u00abSermones y oraciones f\u00fanebres.<\/p>\n<p>Pedro Chico Gonz\u00e1lez, Diccionario de Catequesis y Pedagog\u00ed\u00ada Religiosa, Editorial Bru\u00f1o, Lima, Per\u00fa 2006<\/p>\n<p><b>Fuente: Diccionario de Catequesis y Pedagog\u00eda Religiosa<\/b><\/p>\n","protected":false},"excerpt":{"rendered":"<p>[955] (1567-1622) Obispo de Ginebra, Fundador de las Religiosas de la Visitaci\u00f3n en 1610. Gigante de la Pedagog\u00ed\u00ada cristiana por la claridad de su esp\u00ed\u00adritu, por la belleza de su coraz\u00f3n y por la profundidad de su doctrina asc\u00e9tica, pastoral, eclesial y cristoc\u00e9ntrica. Sus intuiciones han orientado multitud de obras posteriores. Y su amor ardiente &hellip; <a href=\"https:\/\/www.biblia.work\/diccionarios\/sales-san-francisco-de\/\" class=\"more-link\">Continuar leyendo<span class=\"screen-reader-text\"> \u00abSALES. SAN FRANCISCO DE\u00bb<\/span><\/a><\/p>\n","protected":false},"author":1,"featured_media":0,"comment_status":"open","ping_status":"open","sticky":false,"template":"","format":"standard","meta":{"footnotes":""},"categories":[4],"tags":[],"class_list":["post-13565","post","type-post","status-publish","format-standard","hentry","category-diccionario"],"_links":{"self":[{"href":"https:\/\/www.biblia.work\/diccionarios\/wp-json\/wp\/v2\/posts\/13565","targetHints":{"allow":["GET"]}}],"collection":[{"href":"https:\/\/www.biblia.work\/diccionarios\/wp-json\/wp\/v2\/posts"}],"about":[{"href":"https:\/\/www.biblia.work\/diccionarios\/wp-json\/wp\/v2\/types\/post"}],"author":[{"embeddable":true,"href":"https:\/\/www.biblia.work\/diccionarios\/wp-json\/wp\/v2\/users\/1"}],"replies":[{"embeddable":true,"href":"https:\/\/www.biblia.work\/diccionarios\/wp-json\/wp\/v2\/comments?post=13565"}],"version-history":[{"count":0,"href":"https:\/\/www.biblia.work\/diccionarios\/wp-json\/wp\/v2\/posts\/13565\/revisions"}],"wp:attachment":[{"href":"https:\/\/www.biblia.work\/diccionarios\/wp-json\/wp\/v2\/media?parent=13565"}],"wp:term":[{"taxonomy":"category","embeddable":true,"href":"https:\/\/www.biblia.work\/diccionarios\/wp-json\/wp\/v2\/categories?post=13565"},{"taxonomy":"post_tag","embeddable":true,"href":"https:\/\/www.biblia.work\/diccionarios\/wp-json\/wp\/v2\/tags?post=13565"}],"curies":[{"name":"wp","href":"https:\/\/api.w.org\/{rel}","templated":true}]}}