{"id":13570,"date":"2016-02-05T09:04:03","date_gmt":"2016-02-05T14:04:03","guid":{"rendered":"http:\/\/www.biblia.work\/diccionarios\/salinas-francisco\/"},"modified":"2016-02-05T09:04:03","modified_gmt":"2016-02-05T14:04:03","slug":"salinas-francisco","status":"publish","type":"post","link":"https:\/\/www.biblia.work\/diccionarios\/salinas-francisco\/","title":{"rendered":"SALINAS. FRANCISCO"},"content":{"rendered":"<p>[955](1513-1590)<br \/>\n   Compositor musical, ciego de nacimiento y verdadero portento de la m\u00fasica, especialmente religiosa y de la inteligencia magn\u00ed\u00adfica de que estaba dotado. Organista en Le\u00f3n, gan\u00f3 por oposici\u00f3n la c\u00e1tedra de profesor en Salaanca, en donde actu\u00f3 de docente y organista hasta el final de su vida.<\/p>\n<p>    Entre sus obras, la m\u00e1s significativa fue \u00abDe los siete libros de la m\u00fasica\u00bb en donde expuso sus originales teor\u00ed\u00adas sobre la m\u00fasica, distinguiendo la que va a los sentidos, la que va a la inteligencia y la que se dirige a ambas facultades.<\/p>\n<p>    Por su erudici\u00f3n y su ceguera, fue personaje original y admirado en su tiempo, como lo mostr\u00f3 Fray Luis de Le\u00f3n en su \u00abOda al Maestro Salinas\u00bb. Qued\u00f3 en el recuerdo de los \u00e1mbitos culturales como modelo de fuerza de voluntad, de inteligencia, de esp\u00ed\u00adritu art\u00ed\u00adstico y de piedad de vida.<\/p>\n<p>Pedro Chico Gonz\u00e1lez, Diccionario de Catequesis y Pedagog\u00ed\u00ada Religiosa, Editorial Bru\u00f1o, Lima, Per\u00fa 2006<\/p>\n<p><b>Fuente: Diccionario de Catequesis y Pedagog\u00eda Religiosa<\/b><\/p>\n","protected":false},"excerpt":{"rendered":"<p>[955](1513-1590) Compositor musical, ciego de nacimiento y verdadero portento de la m\u00fasica, especialmente religiosa y de la inteligencia magn\u00ed\u00adfica de que estaba dotado. Organista en Le\u00f3n, gan\u00f3 por oposici\u00f3n la c\u00e1tedra de profesor en Salaanca, en donde actu\u00f3 de docente y organista hasta el final de su vida. Entre sus obras, la m\u00e1s significativa fue &hellip; <a href=\"https:\/\/www.biblia.work\/diccionarios\/salinas-francisco\/\" class=\"more-link\">Continuar leyendo<span class=\"screen-reader-text\"> \u00abSALINAS. FRANCISCO\u00bb<\/span><\/a><\/p>\n","protected":false},"author":1,"featured_media":0,"comment_status":"open","ping_status":"open","sticky":false,"template":"","format":"standard","meta":{"footnotes":""},"categories":[4],"tags":[],"class_list":["post-13570","post","type-post","status-publish","format-standard","hentry","category-diccionario"],"_links":{"self":[{"href":"https:\/\/www.biblia.work\/diccionarios\/wp-json\/wp\/v2\/posts\/13570","targetHints":{"allow":["GET"]}}],"collection":[{"href":"https:\/\/www.biblia.work\/diccionarios\/wp-json\/wp\/v2\/posts"}],"about":[{"href":"https:\/\/www.biblia.work\/diccionarios\/wp-json\/wp\/v2\/types\/post"}],"author":[{"embeddable":true,"href":"https:\/\/www.biblia.work\/diccionarios\/wp-json\/wp\/v2\/users\/1"}],"replies":[{"embeddable":true,"href":"https:\/\/www.biblia.work\/diccionarios\/wp-json\/wp\/v2\/comments?post=13570"}],"version-history":[{"count":0,"href":"https:\/\/www.biblia.work\/diccionarios\/wp-json\/wp\/v2\/posts\/13570\/revisions"}],"wp:attachment":[{"href":"https:\/\/www.biblia.work\/diccionarios\/wp-json\/wp\/v2\/media?parent=13570"}],"wp:term":[{"taxonomy":"category","embeddable":true,"href":"https:\/\/www.biblia.work\/diccionarios\/wp-json\/wp\/v2\/categories?post=13570"},{"taxonomy":"post_tag","embeddable":true,"href":"https:\/\/www.biblia.work\/diccionarios\/wp-json\/wp\/v2\/tags?post=13570"}],"curies":[{"name":"wp","href":"https:\/\/api.w.org\/{rel}","templated":true}]}}