{"id":13571,"date":"2016-02-05T09:04:05","date_gmt":"2016-02-05T14:04:05","guid":{"rendered":"http:\/\/www.biblia.work\/diccionarios\/salinero-valentin\/"},"modified":"2016-02-05T09:04:05","modified_gmt":"2016-02-05T14:04:05","slug":"salinero-valentin","status":"publish","type":"post","link":"https:\/\/www.biblia.work\/diccionarios\/salinero-valentin\/","title":{"rendered":"SALINERO. VALENTIN"},"content":{"rendered":"<p>[967](1840-1913)<br \/>\n Fundador jesuita de las Religiosas del Apostolado del Coraz\u00f3n de Jes\u00fas en 1891. Naci\u00f3 en 1840 en Alba de Tormes (Salamanca). Ingres\u00f3 a los 14 a\u00f1os en el Seminario de Salamanca. En 1859 ingres\u00f3 en la Compa\u00f1\u00ed\u00ada e hizo el Noviciado en Loyola.<\/p>\n<p>    Terminados los estudios de Teolog\u00ed\u00ada en 1864 pas\u00f3 el Centro de Estudios de Le\u00f3n. Y luego fue destinado al Colegio de Sancti Spiritus, en Cuba.<\/p>\n<p>    En 1870 fue enviado al Colegio Woodstock, cerca de Baltimore, en USA. En 1872 fue enviado de nuevo a Espa\u00f1a y en 1873 fue ordenado Sacerdote. Expulsados los jesuitas de Espa\u00f1a, hubo de dejar Salamanca y march\u00f3 a Portugal.<\/p>\n<p>    En 1875 viaj\u00f3 de nuevo a Cuba, al Colegio de Bel\u00e9n, en La Habana, y luego fue a Cienfuegos en 1882, para terminar en La Habana dos a\u00f1os m\u00e1s tarde. Sus intensas actividades apost\u00f3licas le hicieron conocer a muchas personas y palpar las necesidades.<\/p>\n<p>    En 1891 inici\u00f3 el Instituto con algunas j\u00f3venes devotas del Sdo. Coraz\u00f3n. Al marchar de La Habana en 1896, dejaba ya bien instalado el Instituto. En Enero de 1897 ya estaba en la Residencia de Bilbao, pasando luego a San Sebasti\u00e1n.<\/p>\n<p>    En 1907 fue enviado a La Habana, para cuidarse de las religiosas del Apostolado. Falleci\u00f3 all\u00ed\u00ad en 1913.<\/p>\n<p>Pedro Chico Gonz\u00e1lez, Diccionario de Catequesis y Pedagog\u00ed\u00ada Religiosa, Editorial Bru\u00f1o, Lima, Per\u00fa 2006<\/p>\n<p><b>Fuente: Diccionario de Catequesis y Pedagog\u00eda Religiosa<\/b><\/p>\n","protected":false},"excerpt":{"rendered":"<p>[967](1840-1913) Fundador jesuita de las Religiosas del Apostolado del Coraz\u00f3n de Jes\u00fas en 1891. Naci\u00f3 en 1840 en Alba de Tormes (Salamanca). Ingres\u00f3 a los 14 a\u00f1os en el Seminario de Salamanca. En 1859 ingres\u00f3 en la Compa\u00f1\u00ed\u00ada e hizo el Noviciado en Loyola. Terminados los estudios de Teolog\u00ed\u00ada en 1864 pas\u00f3 el Centro de &hellip; <a href=\"https:\/\/www.biblia.work\/diccionarios\/salinero-valentin\/\" class=\"more-link\">Continuar leyendo<span class=\"screen-reader-text\"> \u00abSALINERO. VALENTIN\u00bb<\/span><\/a><\/p>\n","protected":false},"author":1,"featured_media":0,"comment_status":"open","ping_status":"open","sticky":false,"template":"","format":"standard","meta":{"footnotes":""},"categories":[4],"tags":[],"class_list":["post-13571","post","type-post","status-publish","format-standard","hentry","category-diccionario"],"_links":{"self":[{"href":"https:\/\/www.biblia.work\/diccionarios\/wp-json\/wp\/v2\/posts\/13571","targetHints":{"allow":["GET"]}}],"collection":[{"href":"https:\/\/www.biblia.work\/diccionarios\/wp-json\/wp\/v2\/posts"}],"about":[{"href":"https:\/\/www.biblia.work\/diccionarios\/wp-json\/wp\/v2\/types\/post"}],"author":[{"embeddable":true,"href":"https:\/\/www.biblia.work\/diccionarios\/wp-json\/wp\/v2\/users\/1"}],"replies":[{"embeddable":true,"href":"https:\/\/www.biblia.work\/diccionarios\/wp-json\/wp\/v2\/comments?post=13571"}],"version-history":[{"count":0,"href":"https:\/\/www.biblia.work\/diccionarios\/wp-json\/wp\/v2\/posts\/13571\/revisions"}],"wp:attachment":[{"href":"https:\/\/www.biblia.work\/diccionarios\/wp-json\/wp\/v2\/media?parent=13571"}],"wp:term":[{"taxonomy":"category","embeddable":true,"href":"https:\/\/www.biblia.work\/diccionarios\/wp-json\/wp\/v2\/categories?post=13571"},{"taxonomy":"post_tag","embeddable":true,"href":"https:\/\/www.biblia.work\/diccionarios\/wp-json\/wp\/v2\/tags?post=13571"}],"curies":[{"name":"wp","href":"https:\/\/api.w.org\/{rel}","templated":true}]}}