{"id":13574,"date":"2016-02-05T09:04:11","date_gmt":"2016-02-05T14:04:11","guid":{"rendered":"http:\/\/www.biblia.work\/diccionarios\/salles-beata-carmen\/"},"modified":"2016-02-05T09:04:11","modified_gmt":"2016-02-05T14:04:11","slug":"salles-beata-carmen","status":"publish","type":"post","link":"https:\/\/www.biblia.work\/diccionarios\/salles-beata-carmen\/","title":{"rendered":"SALLES. BEATA CARMEN"},"content":{"rendered":"<p>[967](1848-1911)<br \/>\n  Fundadora de las \u00abReligiosas Concepcionistas de la Ense\u00f1anza\u00bb en 1892. Naci\u00f3 en 1848 en Vich. Vivi\u00f3 luego con su familia en Manresa. Quiso ser de joven capuchina, pero se decidi\u00f3 por las Adoratrices de Gracia, cerca de Barcelona. Dej\u00f3 el Noviciado al sentir que su vocaci\u00f3n era de educadora y se hizo Terciaria Dominica en Noviembre de 1870.<\/p>\n<p>    En 1871 comenz\u00f3 a trabajar en el Colegio de Torrell\u00e1 y luego en San Andr\u00e9s de Palomares y en Barcelona, en donde fue nombrada Directora.<\/p>\n<p>    En 1891 hizo Ejercicios Espirituales en el Convento de las Salesas y comprendi\u00f3 que deb\u00ed\u00ada cambiar de vida e iniciar una obra m\u00e1s intensamente educadora. Con siete compa\u00f1eras dej\u00f3 Barcelona y se dirigi\u00f3 a Antequera. No result\u00f3 la fundaci\u00f3n proyectada all\u00ed\u00ad y fueron luego a Madrid, donde vio claro que deb\u00ed\u00ada fundar un grupo que se llamar\u00ed\u00ada de \u00abHermanas Concepcionistas\u00bb con una orientaci\u00f3n educadora.<\/p>\n<p>    El 15 de Octubre de 1891 lleg\u00f3 a Burgos, para establecer el primer centro, con ayuda del Obispo de la ciudad. El grupo aumento y en 1894 abrieron el Centro de Segovia y luego en El Escorial, en Manresa, en Pozo Blanco de C\u00f3rdoba y en ciudad Real.<\/p>\n<p>    En 1911 falleci\u00f3 en la casa de Madrid. Fue Beatificada por Juan Pablo II el 15 de Marzo de 1998.<\/p>\n<p>Pedro Chico Gonz\u00e1lez, Diccionario de Catequesis y Pedagog\u00ed\u00ada Religiosa, Editorial Bru\u00f1o, Lima, Per\u00fa 2006<\/p>\n<p><b>Fuente: Diccionario de Catequesis y Pedagog\u00eda Religiosa<\/b><\/p>\n","protected":false},"excerpt":{"rendered":"<p>[967](1848-1911) Fundadora de las \u00abReligiosas Concepcionistas de la Ense\u00f1anza\u00bb en 1892. Naci\u00f3 en 1848 en Vich. Vivi\u00f3 luego con su familia en Manresa. Quiso ser de joven capuchina, pero se decidi\u00f3 por las Adoratrices de Gracia, cerca de Barcelona. Dej\u00f3 el Noviciado al sentir que su vocaci\u00f3n era de educadora y se hizo Terciaria Dominica &hellip; <a href=\"https:\/\/www.biblia.work\/diccionarios\/salles-beata-carmen\/\" class=\"more-link\">Continuar leyendo<span class=\"screen-reader-text\"> \u00abSALLES. BEATA CARMEN\u00bb<\/span><\/a><\/p>\n","protected":false},"author":1,"featured_media":0,"comment_status":"open","ping_status":"open","sticky":false,"template":"","format":"standard","meta":{"footnotes":""},"categories":[4],"tags":[],"class_list":["post-13574","post","type-post","status-publish","format-standard","hentry","category-diccionario"],"_links":{"self":[{"href":"https:\/\/www.biblia.work\/diccionarios\/wp-json\/wp\/v2\/posts\/13574","targetHints":{"allow":["GET"]}}],"collection":[{"href":"https:\/\/www.biblia.work\/diccionarios\/wp-json\/wp\/v2\/posts"}],"about":[{"href":"https:\/\/www.biblia.work\/diccionarios\/wp-json\/wp\/v2\/types\/post"}],"author":[{"embeddable":true,"href":"https:\/\/www.biblia.work\/diccionarios\/wp-json\/wp\/v2\/users\/1"}],"replies":[{"embeddable":true,"href":"https:\/\/www.biblia.work\/diccionarios\/wp-json\/wp\/v2\/comments?post=13574"}],"version-history":[{"count":0,"href":"https:\/\/www.biblia.work\/diccionarios\/wp-json\/wp\/v2\/posts\/13574\/revisions"}],"wp:attachment":[{"href":"https:\/\/www.biblia.work\/diccionarios\/wp-json\/wp\/v2\/media?parent=13574"}],"wp:term":[{"taxonomy":"category","embeddable":true,"href":"https:\/\/www.biblia.work\/diccionarios\/wp-json\/wp\/v2\/categories?post=13574"},{"taxonomy":"post_tag","embeddable":true,"href":"https:\/\/www.biblia.work\/diccionarios\/wp-json\/wp\/v2\/tags?post=13574"}],"curies":[{"name":"wp","href":"https:\/\/api.w.org\/{rel}","templated":true}]}}